{"id":132813,"date":"2026-09-03T19:34:56","date_gmt":"2026-09-03T22:34:56","guid":{"rendered":"https:\/\/blogdoedvaldomagalhaes.com.br\/?p=132813"},"modified":"2026-09-03T19:34:56","modified_gmt":"2026-09-03T22:34:56","slug":"governo-de-pernambuco-contrata-empresas-organizadoras-dos-concursos-publicos-da-policia-militar-corpo-de-bombeiros-militar-e-policia-civil","status":"publish","type":"post","link":"https:\/\/blogdoedvaldomagalhaes.com.br\/index.php\/2026\/09\/03\/governo-de-pernambuco-contrata-empresas-organizadoras-dos-concursos-publicos-da-policia-militar-corpo-de-bombeiros-militar-e-policia-civil\/","title":{"rendered":"Governo de Pernambuco contrata empresas organizadoras dos concursos p\u00fablicos da Pol\u00edcia Militar, Corpo de Bombeiros Militar e Pol\u00edcia Civil"},"content":{"rendered":"\n<p class=\"wp-block-paragraph\">O Governo de Pernambuco vai realizar concursos p\u00fablicos para a Pol\u00edcia Militar (PMPE), o Corpo de Bombeiros Militar (CBMPE) e a Pol\u00edcia Civil de Pernambuco (PCPE), totalizando 3.205 vagas para os cargos de Oficial, Pra\u00e7a, Delegado, Agente e Escriv\u00e3o. O certame que abrange a PMPE e o CBMPE ser\u00e1 organizado pela Funda\u00e7\u00e3o AOCP, enquanto o Centro Brasileiro de Pesquisa em Avalia\u00e7\u00e3o e Sele\u00e7\u00e3o e de Promo\u00e7\u00e3o de Eventos (Cebraspe) ser\u00e1 respons\u00e1vel pelo processo seletivo destinado \u00e0 PCPE. Os editais ser\u00e3o divulgados em breve.<\/p>\n\n\n\n<p class=\"wp-block-paragraph\">Para a PMPE, ser\u00e3o ofertadas 1.320 vagas, sendo 70 para o cargo de Oficial e 1.250 para Pra\u00e7a. No CBMPE, ser\u00e3o 60 vagas para Oficial e 510 para Pra\u00e7a, totalizando 570 oportunidades. A PCPE ser\u00e1 refor\u00e7ada com 45 vagas para Delegado, 70 para Escriv\u00e3o e 1.200 para Agente, somando 1.315 vagas.<\/p>\n\n\n\n<p class=\"wp-block-paragraph\">&#8220;Esses novos concursos p\u00fablicos v\u00e3o contribuir para a recomposi\u00e7\u00e3o e o fortalecimento dos efetivos do Estado. Estamos comprometidos a fazer que esses certames aconte\u00e7am no tempo certo, de maneira transparente e selecionando quadros de qualidade que refor\u00e7ar\u00e3o as for\u00e7as de seguran\u00e7a estaduais\u201d, enfatizou a secret\u00e1ria de Administra\u00e7\u00e3o, Ana Mara\u00edza.<\/p>\n\n\n\n<p class=\"wp-block-paragraph\">O Governo de Pernambuco tamb\u00e9m refor\u00e7ar\u00e1 a seguran\u00e7a p\u00fablica com a realiza\u00e7\u00e3o de um concurso p\u00fablico para a Pol\u00edcia Penal, atualmente em fase de defini\u00e7\u00e3o da banca organizadora. Esse certame ter\u00e1 700 vagas, o que totaliza 3.905 vagas destinadas a refor\u00e7ar os efetivos estaduais.  <br>Siga o nosso Instagram @portaledivaldomagalhaes<br>Fotos: Yacy Ribeiro\/Acervo Secom<\/p>\n","protected":false},"excerpt":{"rendered":"<p>O Governo de Pernambuco vai realizar concursos p\u00fablicos para a Pol\u00edcia Militar (PMPE), o Corpo de Bombeiros Militar (CBMPE) e&hellip;<\/p>\n","protected":false},"author":1,"featured_media":132814,"comment_status":"closed","ping_status":"open","sticky":false,"template":"","format":"standard","meta":{"footnotes":""},"categories":[14120],"tags":[36938,13146,36989],"class_list":["post-132813","post","type-post","status-publish","format-standard","has-post-thumbnail","hentry","category-noticias","tag-blog-de-politica","tag-blog-edvaldo-magalhaes","tag-portal-edivaldo-magalhaes"],"_links":{"self":[{"href":"https:\/\/blogdoedvaldomagalhaes.com.br\/index.php\/wp-json\/wp\/v2\/posts\/132813","targetHints":{"allow":["GET"]}}],"collection":[{"href":"https:\/\/blogdoedvaldomagalhaes.com.br\/index.php\/wp-json\/wp\/v2\/posts"}],"about":[{"href":"https:\/\/blogdoedvaldomagalhaes.com.br\/index.php\/wp-json\/wp\/v2\/types\/post"}],"author":[{"embeddable":true,"href":"https:\/\/blogdoedvaldomagalhaes.com.br\/index.php\/wp-json\/wp\/v2\/users\/1"}],"replies":[{"embeddable":true,"href":"https:\/\/blogdoedvaldomagalhaes.com.br\/index.php\/wp-json\/wp\/v2\/comments?post=132813"}],"version-history":[{"count":1,"href":"https:\/\/blogdoedvaldomagalhaes.com.br\/index.php\/wp-json\/wp\/v2\/posts\/132813\/revisions"}],"predecessor-version":[{"id":132815,"href":"https:\/\/blogdoedvaldomagalhaes.com.br\/index.php\/wp-json\/wp\/v2\/posts\/132813\/revisions\/132815"}],"wp:featuredmedia":[{"embeddable":true,"href":"https:\/\/blogdoedvaldomagalhaes.com.br\/index.php\/wp-json\/wp\/v2\/media\/132814"}],"wp:attachment":[{"href":"https:\/\/blogdoedvaldomagalhaes.com.br\/index.php\/wp-json\/wp\/v2\/media?parent=132813"}],"wp:term":[{"taxonomy":"category","embeddable":true,"href":"https:\/\/blogdoedvaldomagalhaes.com.br\/index.php\/wp-json\/wp\/v2\/categories?post=132813"},{"taxonomy":"post_tag","embeddable":true,"href":"https:\/\/blogdoedvaldomagalhaes.com.br\/index.php\/wp-json\/wp\/v2\/tags?post=132813"}],"curies":[{"name":"wp","href":"https:\/\/api.w.org\/{rel}","templated":true}]}}