{"id":132810,"date":"2026-09-03T19:11:32","date_gmt":"2026-09-03T22:11:32","guid":{"rendered":"https:\/\/blogdoedvaldomagalhaes.com.br\/?p=132810"},"modified":"2026-09-03T19:11:32","modified_gmt":"2026-09-03T22:11:32","slug":"em-parceria-com-o-executivo-jorge-quintino-pede-descentralizacao-dos-cras-em-caruaru","status":"publish","type":"post","link":"https:\/\/blogdoedvaldomagalhaes.com.br\/index.php\/2026\/09\/03\/em-parceria-com-o-executivo-jorge-quintino-pede-descentralizacao-dos-cras-em-caruaru\/","title":{"rendered":"Em parceria com o Executivo, Jorge Quintino pede descentraliza\u00e7\u00e3o dos CRAS em Caruaru"},"content":{"rendered":"\n<p class=\"wp-block-paragraph\"><em>Em parceria com o Executivo, Jorge Quintino pede descentraliza\u00e7\u00e3o dos CRAS em Caruaru<\/em><\/p>\n\n\n\n<p class=\"wp-block-paragraph\"><em>Proposta facilita o acesso aos servi\u00e7os para moradores de \u00e1reas mais afastadas<\/em><\/p>\n\n\n\n<p class=\"wp-block-paragraph\">O vereador Professor Jorge Quintino (Podemos) apresentou requerimento na C\u00e2mara Municipal, propondo a implementa\u00e7\u00e3o de um Programa Municipal de Descentraliza\u00e7\u00e3o da Prote\u00e7\u00e3o Social B\u00e1sica.<\/p>\n\n\n\n<p class=\"wp-block-paragraph\">O objetivo, junto \u00e0 Secretaria de Direitos Humanos, \u00e9 ampliar a presen\u00e7a dos servi\u00e7os dos Centros de Refer\u00eancia de Assist\u00eancia Social (CRAS) nos distritos e localidades da cidade, especialmente nas \u00e1reas com maior vulnerabilidade social e dificuldade de acesso aos servi\u00e7os p\u00fablicos.<\/p>\n\n\n\n<p class=\"wp-block-paragraph\"><em>\u201cA assist\u00eancia social precisa estar onde as pessoas est\u00e3o. N\u00e3o podemos pensar uma pol\u00edtica p\u00fablica apenas a partir da regi\u00e3o central. Quem mora nos distritos e localidades mais afastadas tamb\u00e9m precisa ter acesso aos servi\u00e7os e benef\u00edcios do munic\u00edpio com dignidade e facilidade\u201d,<\/em> destacou Jorge.<\/p>\n\n\n\n<p class=\"wp-block-paragraph\">O vereador ressaltou ainda que a descentraliza\u00e7\u00e3o pode facilitar o acesso da popula\u00e7\u00e3o aos benef\u00edcios socioassistenciais e \u00e0s demais a\u00e7\u00f5es da prote\u00e7\u00e3o social b\u00e1sica.<\/p>\n\n\n\n<p class=\"wp-block-paragraph\">O requerimento foi constru\u00eddo em di\u00e1logo com o prefeito Rodrigo Pinheiro (PSD) e segue para aprecia\u00e7\u00e3o.  <br>Siga o nosso Instagram @portaledivaldomagalhaes<br>Foto: Divulga\u00e7\u00e3o <\/p>\n","protected":false},"excerpt":{"rendered":"<p>Em parceria com o Executivo, Jorge Quintino pede descentraliza\u00e7\u00e3o dos CRAS em Caruaru Proposta facilita o acesso aos servi\u00e7os para&hellip;<\/p>\n","protected":false},"author":1,"featured_media":132812,"comment_status":"closed","ping_status":"open","sticky":false,"template":"","format":"standard","meta":{"footnotes":""},"categories":[14122],"tags":[36938,13146,9899,36989],"class_list":["post-132810","post","type-post","status-publish","format-standard","has-post-thumbnail","hentry","category-politica","tag-blog-de-politica","tag-blog-edvaldo-magalhaes","tag-jorge-quintino","tag-portal-edivaldo-magalhaes"],"_links":{"self":[{"href":"https:\/\/blogdoedvaldomagalhaes.com.br\/index.php\/wp-json\/wp\/v2\/posts\/132810","targetHints":{"allow":["GET"]}}],"collection":[{"href":"https:\/\/blogdoedvaldomagalhaes.com.br\/index.php\/wp-json\/wp\/v2\/posts"}],"about":[{"href":"https:\/\/blogdoedvaldomagalhaes.com.br\/index.php\/wp-json\/wp\/v2\/types\/post"}],"author":[{"embeddable":true,"href":"https:\/\/blogdoedvaldomagalhaes.com.br\/index.php\/wp-json\/wp\/v2\/users\/1"}],"replies":[{"embeddable":true,"href":"https:\/\/blogdoedvaldomagalhaes.com.br\/index.php\/wp-json\/wp\/v2\/comments?post=132810"}],"version-history":[{"count":1,"href":"https:\/\/blogdoedvaldomagalhaes.com.br\/index.php\/wp-json\/wp\/v2\/posts\/132810\/revisions"}],"predecessor-version":[{"id":132811,"href":"https:\/\/blogdoedvaldomagalhaes.com.br\/index.php\/wp-json\/wp\/v2\/posts\/132810\/revisions\/132811"}],"wp:featuredmedia":[{"embeddable":true,"href":"https:\/\/blogdoedvaldomagalhaes.com.br\/index.php\/wp-json\/wp\/v2\/media\/132812"}],"wp:attachment":[{"href":"https:\/\/blogdoedvaldomagalhaes.com.br\/index.php\/wp-json\/wp\/v2\/media?parent=132810"}],"wp:term":[{"taxonomy":"category","embeddable":true,"href":"https:\/\/blogdoedvaldomagalhaes.com.br\/index.php\/wp-json\/wp\/v2\/categories?post=132810"},{"taxonomy":"post_tag","embeddable":true,"href":"https:\/\/blogdoedvaldomagalhaes.com.br\/index.php\/wp-json\/wp\/v2\/tags?post=132810"}],"curies":[{"name":"wp","href":"https:\/\/api.w.org\/{rel}","templated":true}]}}