{"id":132807,"date":"2026-09-03T18:51:59","date_gmt":"2026-09-03T21:51:59","guid":{"rendered":"https:\/\/blogdoedvaldomagalhaes.com.br\/?p=132807"},"modified":"2026-09-03T18:51:59","modified_gmt":"2026-09-03T21:51:59","slug":"artesa-do-programa-mulheres-empreendedoras-da-secretaria-da-mulher-de-caruaru-e-selecionada-para-representar-pernambuco-na-fenacce","status":"publish","type":"post","link":"https:\/\/blogdoedvaldomagalhaes.com.br\/index.php\/2026\/09\/03\/artesa-do-programa-mulheres-empreendedoras-da-secretaria-da-mulher-de-caruaru-e-selecionada-para-representar-pernambuco-na-fenacce\/","title":{"rendered":"Artes\u00e3 do Programa Mulheres Empreendedoras da Secretaria da Mulher de Caruaru \u00e9 selecionada para representar Pernambuco na FENACCE"},"content":{"rendered":"\n<p class=\"wp-block-paragraph\"><\/p>\n\n\n\n<p class=\"wp-block-paragraph\">A artes\u00e3 e empreendedora Maria Jos\u00e9 Costa, integrante do Programa Mulheres Empreendedoras, da Secretaria da Mulher de Caruaru (Semu), foi selecionada, por edital de chamamento p\u00fablico, para participar da FENACCE \u2013 Festival Nacional de Artesanato e Cultura do Cear\u00e1. Maria Jos\u00e9 conquistou a \u00fanica vaga dispon\u00edvel na categoria artes\u00e3o em ampla concorr\u00eancia, entre participantes de todo o estado de Pernambuco, e embarca nesta quarta-feira (3) para Fortaleza, onde ir\u00e1 representar o estado e apresentar seu trabalho.<\/p>\n\n\n\n<p class=\"wp-block-paragraph\">A participa\u00e7\u00e3o \u00e9 viabilizada pelo Programa do Artesanato de Pernambuco (PAPE), em parceria com o Sebrae, que ir\u00e1 custear o estande coletivo, passagens, hospedagem e translado entre o hotel e a feira. A Semu ser\u00e1 respons\u00e1vel pelo transporte das pe\u00e7as at\u00e9 o Recife e pelo retorno dos materiais, al\u00e9m do translado de Maria Jos\u00e9 para o Aeroporto do Recife, na ida e na volta.<\/p>\n\n\n\n<p class=\"wp-block-paragraph\">\u201cQuando vi meu nome na lista de aprovados, comemorei como quem ganha na Mega-Sena! \u00c9 muito gratificante ver meu trabalho sendo reconhecido. \u00c9 uma honra levar minha arte para o Cear\u00e1 e representar Pernambuco, mostrando um pouco da nossa criatividade, da nossa cultura e da for\u00e7a do artesanato pernambucano.\u201d, contou Maria Jos\u00e9.<\/p>\n\n\n\n<p class=\"wp-block-paragraph\">No trabalho desenvolvido pela artes\u00e3, quatro pilares se encontram: a tradi\u00e7\u00e3o do barro, a inova\u00e7\u00e3o da porcelana fria, a reciclagem e a identidade cultural. As pe\u00e7as s\u00e3o criadas a partir do conceito de design por restri\u00e7\u00e3o, em que os materiais dispon\u00edveis servem como ponto de partida para a idealiza\u00e7\u00e3o de personagens e esculturas. <br>Siga o nosso Instagram @portaledivaldomagalhaes<br>Foto: Divulga\u00e7\u00e3o <\/p>\n","protected":false},"excerpt":{"rendered":"<p>A artes\u00e3 e empreendedora Maria Jos\u00e9 Costa, integrante do Programa Mulheres Empreendedoras, da Secretaria da Mulher de Caruaru (Semu), foi&hellip;<\/p>\n","protected":false},"author":1,"featured_media":132808,"comment_status":"closed","ping_status":"open","sticky":false,"template":"","format":"standard","meta":{"footnotes":""},"categories":[14120],"tags":[37314,27410,13146,36989],"class_list":["post-132807","post","type-post","status-publish","format-standard","has-post-thumbnail","hentry","category-noticias","tag-artesa-do-programa-mulheres-empreendedoras-da-secretaria-da-mulher-de-caruaru-e-selecionada-para-representar-pernambuco-na-fenacce","tag-blog-de-caruaru","tag-blog-edvaldo-magalhaes","tag-portal-edivaldo-magalhaes"],"_links":{"self":[{"href":"https:\/\/blogdoedvaldomagalhaes.com.br\/index.php\/wp-json\/wp\/v2\/posts\/132807","targetHints":{"allow":["GET"]}}],"collection":[{"href":"https:\/\/blogdoedvaldomagalhaes.com.br\/index.php\/wp-json\/wp\/v2\/posts"}],"about":[{"href":"https:\/\/blogdoedvaldomagalhaes.com.br\/index.php\/wp-json\/wp\/v2\/types\/post"}],"author":[{"embeddable":true,"href":"https:\/\/blogdoedvaldomagalhaes.com.br\/index.php\/wp-json\/wp\/v2\/users\/1"}],"replies":[{"embeddable":true,"href":"https:\/\/blogdoedvaldomagalhaes.com.br\/index.php\/wp-json\/wp\/v2\/comments?post=132807"}],"version-history":[{"count":1,"href":"https:\/\/blogdoedvaldomagalhaes.com.br\/index.php\/wp-json\/wp\/v2\/posts\/132807\/revisions"}],"predecessor-version":[{"id":132809,"href":"https:\/\/blogdoedvaldomagalhaes.com.br\/index.php\/wp-json\/wp\/v2\/posts\/132807\/revisions\/132809"}],"wp:featuredmedia":[{"embeddable":true,"href":"https:\/\/blogdoedvaldomagalhaes.com.br\/index.php\/wp-json\/wp\/v2\/media\/132808"}],"wp:attachment":[{"href":"https:\/\/blogdoedvaldomagalhaes.com.br\/index.php\/wp-json\/wp\/v2\/media?parent=132807"}],"wp:term":[{"taxonomy":"category","embeddable":true,"href":"https:\/\/blogdoedvaldomagalhaes.com.br\/index.php\/wp-json\/wp\/v2\/categories?post=132807"},{"taxonomy":"post_tag","embeddable":true,"href":"https:\/\/blogdoedvaldomagalhaes.com.br\/index.php\/wp-json\/wp\/v2\/tags?post=132807"}],"curies":[{"name":"wp","href":"https:\/\/api.w.org\/{rel}","templated":true}]}}