{"id":132803,"date":"2026-09-03T18:19:02","date_gmt":"2026-09-03T21:19:02","guid":{"rendered":"https:\/\/blogdoedvaldomagalhaes.com.br\/?p=132803"},"modified":"2026-09-03T18:19:02","modified_gmt":"2026-09-03T21:19:02","slug":"desfile-civico-da-lbv-movimenta-comunidade-do-coelhos-e-leva-mensagem-sobre-o-cuidado-com-o-meio-ambiente","status":"publish","type":"post","link":"https:\/\/blogdoedvaldomagalhaes.com.br\/index.php\/2026\/09\/03\/desfile-civico-da-lbv-movimenta-comunidade-do-coelhos-e-leva-mensagem-sobre-o-cuidado-com-o-meio-ambiente\/","title":{"rendered":"Desfile C\u00edvico da LBV movimenta comunidade do Coelhos e leva mensagem sobre o cuidado com o Meio Ambiente"},"content":{"rendered":"\n<p class=\"wp-block-paragraph\"><\/p>\n\n\n\n<p class=\"wp-block-paragraph\">Nesta sexta-feira (04), \u00e0s 9h, a Legi\u00e3o da Boa Vontade (LBV), realiza o Desfile C\u00edvico no Bairro dos Coelhos, no Recife. O Pelot\u00e3o da LBV contar\u00e1 com a participa\u00e7\u00e3o de cerca de 280 pessoas, entre crian\u00e7as, adolescentes, idosos, fam\u00edlias, colaboradores, volunt\u00e1rios da Institui\u00e7\u00e3o e a Banda Marcial da Escola Joaquim Nabuco, em uma homenagem c\u00edvica \u00e0 Independ\u00eancia do Brasil. O desfile percorrer\u00e1 as ruas da comunidade levando a reflex\u00e3o proposta pelo tema \u201cEducar. Preservar. Sobreviver. Humanamente tamb\u00e9m somos Natureza.\u201d \u2013 Paiva Netto, destacando a import\u00e2ncia da conscientiza\u00e7\u00e3o ambiental, da preserva\u00e7\u00e3o dos recursos naturais e do papel de cada cidad\u00e3o na constru\u00e7\u00e3o de um futuro mais sustent\u00e1vel.<\/p>\n\n\n\n<p class=\"wp-block-paragraph\">Durante o desfile, crian\u00e7as e adolescentes apresentar\u00e3o a\u00e7\u00f5es e aprendizados desenvolvidos ao longo do ano, levando mensagens de amor, respeito, solidariedade e cidadania ambiental. Os participantes da Entidade realizam oficinas educativas sobre Reciclagem e Sustentabilidade, pautadas nos princ\u00edpios dos 3 Rs: Reduzir, Reutilizar e Reciclar, incentivando pr\u00e1ticas conscientes que contribuem para a redu\u00e7\u00e3o da gera\u00e7\u00e3o de res\u00edduos e a prote\u00e7\u00e3o dos recursos naturais.<\/p>\n\n\n\n<p class=\"wp-block-paragraph\">O evento contar\u00e1 com o apoio da Pol\u00edcia Militar de Pernambuco, que organizar\u00e1 o tr\u00e1fego de ve\u00edculos nas ruas em que o desfile passar. Al\u00e9m disso, tamb\u00e9m contaremos com a parceria da Banda Marcial da Escola Joaquim Nabuco que nos acompanhar\u00e1 musicalmente durante todo o trajeto.<\/p>\n\n\n\n<p class=\"wp-block-paragraph\">A concentra\u00e7\u00e3o est\u00e1 marcada \u00e0s 8h, na Sede da Institui\u00e7\u00e3o localizada na Rua dos Coelhos, 219 \u2013 Bairro dos Coelhos, percorrendo pela Rua dos Coqueiros at\u00e9 a Rua Padre Ven\u00e2ncio e com retorno pela mesma via terminando na sede da LBV.  <br>Siga o nosso Instagram @portaledivaldomagalhaes<br>Foto: Divulga\u00e7\u00e3o <\/p>\n\n\n\n<p class=\"wp-block-paragraph\"><\/p>\n","protected":false},"excerpt":{"rendered":"<p>Nesta sexta-feira (04), \u00e0s 9h, a Legi\u00e3o da Boa Vontade (LBV), realiza o Desfile C\u00edvico no Bairro dos Coelhos, no&hellip;<\/p>\n","protected":false},"author":1,"featured_media":132804,"comment_status":"closed","ping_status":"open","sticky":false,"template":"","format":"standard","meta":{"footnotes":""},"categories":[14120],"tags":[27410,13146,36989],"class_list":["post-132803","post","type-post","status-publish","format-standard","has-post-thumbnail","hentry","category-noticias","tag-blog-de-caruaru","tag-blog-edvaldo-magalhaes","tag-portal-edivaldo-magalhaes"],"_links":{"self":[{"href":"https:\/\/blogdoedvaldomagalhaes.com.br\/index.php\/wp-json\/wp\/v2\/posts\/132803","targetHints":{"allow":["GET"]}}],"collection":[{"href":"https:\/\/blogdoedvaldomagalhaes.com.br\/index.php\/wp-json\/wp\/v2\/posts"}],"about":[{"href":"https:\/\/blogdoedvaldomagalhaes.com.br\/index.php\/wp-json\/wp\/v2\/types\/post"}],"author":[{"embeddable":true,"href":"https:\/\/blogdoedvaldomagalhaes.com.br\/index.php\/wp-json\/wp\/v2\/users\/1"}],"replies":[{"embeddable":true,"href":"https:\/\/blogdoedvaldomagalhaes.com.br\/index.php\/wp-json\/wp\/v2\/comments?post=132803"}],"version-history":[{"count":1,"href":"https:\/\/blogdoedvaldomagalhaes.com.br\/index.php\/wp-json\/wp\/v2\/posts\/132803\/revisions"}],"predecessor-version":[{"id":132805,"href":"https:\/\/blogdoedvaldomagalhaes.com.br\/index.php\/wp-json\/wp\/v2\/posts\/132803\/revisions\/132805"}],"wp:featuredmedia":[{"embeddable":true,"href":"https:\/\/blogdoedvaldomagalhaes.com.br\/index.php\/wp-json\/wp\/v2\/media\/132804"}],"wp:attachment":[{"href":"https:\/\/blogdoedvaldomagalhaes.com.br\/index.php\/wp-json\/wp\/v2\/media?parent=132803"}],"wp:term":[{"taxonomy":"category","embeddable":true,"href":"https:\/\/blogdoedvaldomagalhaes.com.br\/index.php\/wp-json\/wp\/v2\/categories?post=132803"},{"taxonomy":"post_tag","embeddable":true,"href":"https:\/\/blogdoedvaldomagalhaes.com.br\/index.php\/wp-json\/wp\/v2\/tags?post=132803"}],"curies":[{"name":"wp","href":"https:\/\/api.w.org\/{rel}","templated":true}]}}