{"id":132800,"date":"2026-09-03T17:31:55","date_gmt":"2026-09-03T20:31:55","guid":{"rendered":"https:\/\/blogdoedvaldomagalhaes.com.br\/?p=132800"},"modified":"2026-09-03T17:31:55","modified_gmt":"2026-09-03T20:31:55","slug":"jovem-e-morto-ao-lado-de-cavalo-em-caruaru","status":"publish","type":"post","link":"https:\/\/blogdoedvaldomagalhaes.com.br\/index.php\/2026\/09\/03\/jovem-e-morto-ao-lado-de-cavalo-em-caruaru\/","title":{"rendered":"Jovem \u00e9 morto ao lado de cavalo em Caruaru"},"content":{"rendered":"\n<p class=\"wp-block-paragraph\">Um homic\u00eddio foi registrado na tarde desta quinta-feira (3), no Loteamento Alto das Sete Luas, na regi\u00e3o do Alto do Moura, em Caruaru, no Agreste de Pernambuco.<\/p>\n\n\n\n<p class=\"wp-block-paragraph\">A v\u00edtima foi identificada como Maxwell Gabriel Marques, de 24 anos. De acordo com as primeiras informa\u00e7\u00f5es, o jovem foi encontrado morto ao lado de um cavalo, apresentando ferimentos provocados por disparos de arma de fogo, principalmente na regi\u00e3o da cabe\u00e7a.<\/p>\n\n\n\n<p class=\"wp-block-paragraph\">Equipes do Samu e da Pol\u00edcia Militar estiveram no local e realizaram os primeiros procedimentos. A \u00e1rea foi preservada para a realiza\u00e7\u00e3o da per\u00edcia e demais procedimentos da investiga\u00e7\u00e3o.<\/p>\n\n\n\n<p class=\"wp-block-paragraph\">At\u00e9 o momento, as circunst\u00e2ncias e a motiva\u00e7\u00e3o do crime n\u00e3o foram esclarecidas. O caso dever\u00e1 ser investigado pelas autoridades competentes.<\/p>\n\n\n\n<p class=\"wp-block-paragraph\">\ud83d\udcf2 Portal Edvaldo Magalh\u00e3es \u2014 informa\u00e7\u00e3o com credibilidade.<\/p>\n\n\n\n<p class=\"wp-block-paragraph\">#Caruaru #AltoDoMoura #Homic\u00eddio #Pol\u00edcia #AgresteDePernambuco #Pernambuco #Not\u00edcia #PortalEdvaldoMagalh\u00e3es<\/p>\n","protected":false},"excerpt":{"rendered":"<p>Um homic\u00eddio foi registrado na tarde desta quinta-feira (3), no Loteamento Alto das Sete Luas, na regi\u00e3o do Alto do&hellip;<\/p>\n","protected":false},"author":1,"featured_media":132801,"comment_status":"closed","ping_status":"open","sticky":false,"template":"","format":"standard","meta":{"footnotes":""},"categories":[14121],"tags":[27410,13146,37313,36989],"class_list":["post-132800","post","type-post","status-publish","format-standard","has-post-thumbnail","hentry","category-policial","tag-blog-de-caruaru","tag-blog-edvaldo-magalhaes","tag-homicidio-jovem-e-assassinado-ao-lado-de-cavalo-em-caruaru","tag-portal-edivaldo-magalhaes"],"_links":{"self":[{"href":"https:\/\/blogdoedvaldomagalhaes.com.br\/index.php\/wp-json\/wp\/v2\/posts\/132800","targetHints":{"allow":["GET"]}}],"collection":[{"href":"https:\/\/blogdoedvaldomagalhaes.com.br\/index.php\/wp-json\/wp\/v2\/posts"}],"about":[{"href":"https:\/\/blogdoedvaldomagalhaes.com.br\/index.php\/wp-json\/wp\/v2\/types\/post"}],"author":[{"embeddable":true,"href":"https:\/\/blogdoedvaldomagalhaes.com.br\/index.php\/wp-json\/wp\/v2\/users\/1"}],"replies":[{"embeddable":true,"href":"https:\/\/blogdoedvaldomagalhaes.com.br\/index.php\/wp-json\/wp\/v2\/comments?post=132800"}],"version-history":[{"count":1,"href":"https:\/\/blogdoedvaldomagalhaes.com.br\/index.php\/wp-json\/wp\/v2\/posts\/132800\/revisions"}],"predecessor-version":[{"id":132802,"href":"https:\/\/blogdoedvaldomagalhaes.com.br\/index.php\/wp-json\/wp\/v2\/posts\/132800\/revisions\/132802"}],"wp:featuredmedia":[{"embeddable":true,"href":"https:\/\/blogdoedvaldomagalhaes.com.br\/index.php\/wp-json\/wp\/v2\/media\/132801"}],"wp:attachment":[{"href":"https:\/\/blogdoedvaldomagalhaes.com.br\/index.php\/wp-json\/wp\/v2\/media?parent=132800"}],"wp:term":[{"taxonomy":"category","embeddable":true,"href":"https:\/\/blogdoedvaldomagalhaes.com.br\/index.php\/wp-json\/wp\/v2\/categories?post=132800"},{"taxonomy":"post_tag","embeddable":true,"href":"https:\/\/blogdoedvaldomagalhaes.com.br\/index.php\/wp-json\/wp\/v2\/tags?post=132800"}],"curies":[{"name":"wp","href":"https:\/\/api.w.org\/{rel}","templated":true}]}}