{"id":1328,"date":"2018-09-12T02:32:00","date_gmt":"2018-09-12T05:32:00","guid":{"rendered":"http:\/\/blogdoedvaldomagalhaes.com.br\/index.php\/2018\/09\/12\/pesquisa-ipespefolhape-indica-corrida\/"},"modified":"2019-02-09T02:30:49","modified_gmt":"2019-02-09T04:30:49","slug":"pesquisa-ipespefolhape-indica-corrida","status":"publish","type":"post","link":"https:\/\/blogdoedvaldomagalhaes.com.br\/index.php\/2018\/09\/12\/pesquisa-ipespefolhape-indica-corrida\/","title":{"rendered":"Pesquisa Ipespe\/FolhaPE indica corrida apertada para Senado em Pernambuco"},"content":{"rendered":"<div class=\"separator\" style=\"clear: both; text-align: center;\">\n<a href=\"https:\/\/3.bp.blogspot.com\/--jy_31moEAU\/W5h6Y0EEL1I\/AAAAAAAA51o\/lngD1pDcUzEnwmHG2Kzsv0L9LdooRzFcwCLcBGAs\/s1600\/senado.jpg\" imageanchor=\"1\" style=\"margin-left: 1em; margin-right: 1em;\"><img loading=\"lazy\" decoding=\"async\" border=\"0\" data-original-height=\"282\" data-original-width=\"930\" height=\"190\" src=\"http:\/\/blogdoedvaldomagalhaes.com.br\/wp-content\/uploads\/2018\/09\/senado-1.jpg\" width=\"640\" \/><\/a><\/div>\n<div style=\"text-align: justify;\">\n<\/div>\n<div style=\"text-align: justify;\">\nNa segunda rodada da pesquisa eleitoral para o Senado em Pernambuco, realizada pelo Instituto de Pesquisas Sociais, Pol\u00edticas e Econ\u00f4micas (Ipespe) em parceria com a Folha de Pernambuco, divulgada nesta ter\u00e7a-feira (11), o deputado federal Jarbas Vasconcelos (MDB) aparece na frente na disputa, com 35% das inten\u00e7\u00f5es de votos, seguido pelo o senador Humberto Costa (PT), que registra 29%. Em terceiro, o deputado federal Mendon\u00e7a Filho (DEM) aparece com 25% das men\u00e7\u00f5es.<\/div>\n<div style=\"text-align: justify;\">\n<\/div>\n<div style=\"text-align: justify;\">\nNa sequ\u00eancia, o deputado federal Silvio Costa (Avante) tem 10%, o deputado federal Bruno Ara\u00fajo (PSDB) tem 8% e o Pastor Jairinho tem 4%. Os entrevistados que declararam que votariam em branco ou nulo somam 22% e 29% no primeiro e no segundo votos, respectivamente. Os que n\u00e3o sabem ou n\u00e3o responderam s\u00e3o 33%. J\u00e1 os postulantes Eug\u00eania Lima (PSOL), Albanise Pires (PSOL), Adriana Rocha (Rede), H\u00e9lio Cabral (PSTU) e Alex Lima Rola (PCO), registraram 1% das inten\u00e7\u00f5es de voto, cada. L\u00eddia Brunes (PROS) registrou 0%.<\/div>\n<div style=\"text-align: justify;\">\n<\/div>\n<div style=\"text-align: justify;\">\nA pesquisa ouviu 800 entrevistados entre os dias 6 e 8 deste m\u00eas, usando uma metodologia face a face, e contempla crit\u00e9rios de sexo, idade, instru\u00e7\u00e3o, renda e pela condi\u00e7\u00e3o do munic\u00edpio. A margem de erro \u00e9 de 3,5 pontos percentuais para mais ou para menos, com um intervalo de confian\u00e7a de 95,45%. O levantamento est\u00e1 registrado no Tribunal Superior Eleitoral (TSE) sob os n\u00fameros de protocolo BR-05453\/2018 e PE-05575\/2018.<\/div>\n<div style=\"text-align: justify;\">\n<\/div>\n","protected":false},"excerpt":{"rendered":"<p>Na segunda rodada da pesquisa eleitoral para o Senado em Pernambuco, realizada pelo Instituto de Pesquisas Sociais, Pol\u00edticas e Econ\u00f4micas&hellip;<\/p>\n","protected":false},"author":1,"featured_media":0,"comment_status":"open","ping_status":"open","sticky":false,"template":"","format":"standard","meta":{"footnotes":""},"categories":[1],"tags":[2,1287,20],"class_list":["post-1328","post","type-post","status-publish","format-standard","hentry","category-sem-categoria","tag-blog-do-edvaldo-magalhaes","tag-pesquisa-ipespe-folhape-indica-corrida-apertada-para-senado-em-pernambuco","tag-politica"],"_links":{"self":[{"href":"https:\/\/blogdoedvaldomagalhaes.com.br\/index.php\/wp-json\/wp\/v2\/posts\/1328","targetHints":{"allow":["GET"]}}],"collection":[{"href":"https:\/\/blogdoedvaldomagalhaes.com.br\/index.php\/wp-json\/wp\/v2\/posts"}],"about":[{"href":"https:\/\/blogdoedvaldomagalhaes.com.br\/index.php\/wp-json\/wp\/v2\/types\/post"}],"author":[{"embeddable":true,"href":"https:\/\/blogdoedvaldomagalhaes.com.br\/index.php\/wp-json\/wp\/v2\/users\/1"}],"replies":[{"embeddable":true,"href":"https:\/\/blogdoedvaldomagalhaes.com.br\/index.php\/wp-json\/wp\/v2\/comments?post=1328"}],"version-history":[{"count":1,"href":"https:\/\/blogdoedvaldomagalhaes.com.br\/index.php\/wp-json\/wp\/v2\/posts\/1328\/revisions"}],"predecessor-version":[{"id":34030,"href":"https:\/\/blogdoedvaldomagalhaes.com.br\/index.php\/wp-json\/wp\/v2\/posts\/1328\/revisions\/34030"}],"wp:attachment":[{"href":"https:\/\/blogdoedvaldomagalhaes.com.br\/index.php\/wp-json\/wp\/v2\/media?parent=1328"}],"wp:term":[{"taxonomy":"category","embeddable":true,"href":"https:\/\/blogdoedvaldomagalhaes.com.br\/index.php\/wp-json\/wp\/v2\/categories?post=1328"},{"taxonomy":"post_tag","embeddable":true,"href":"https:\/\/blogdoedvaldomagalhaes.com.br\/index.php\/wp-json\/wp\/v2\/tags?post=1328"}],"curies":[{"name":"wp","href":"https:\/\/api.w.org\/{rel}","templated":true}]}}