{"id":132795,"date":"2026-09-03T09:36:29","date_gmt":"2026-09-03T12:36:29","guid":{"rendered":"https:\/\/blogdoedvaldomagalhaes.com.br\/?p=132795"},"modified":"2026-09-03T10:38:44","modified_gmt":"2026-09-03T13:38:44","slug":"homem-e-assassinado-a-tiros-em-frente-a-creche-em-caruaru","status":"publish","type":"post","link":"https:\/\/blogdoedvaldomagalhaes.com.br\/index.php\/2026\/09\/03\/homem-e-assassinado-a-tiros-em-frente-a-creche-em-caruaru\/","title":{"rendered":"Homem \u00e9 assassinado a tiros em frente \u00e0 creche em Caruaru"},"content":{"rendered":"\n<p class=\"wp-block-paragraph\">Um homem conhecido inicialmente pelo nome de <strong>Anselmo<\/strong> foi assassinado a tiros na noite desta quarta-feira (2), no bairro Jos\u00e9 Carlos de Oliveira, em Caruaru, no Agreste de Pernambuco.<\/p>\n\n\n\n<p class=\"wp-block-paragraph\">De acordo com as primeiras informa\u00e7\u00f5es, o crime ocorreu em uma \u00e1rea p\u00fablica da comunidade, nas proximidades de uma creche. A v\u00edtima, que possu\u00eda passagem pelo sistema prisional, foi atingida por disparos de arma de fogo.<\/p>\n\n\n\n<p class=\"wp-block-paragraph\">Anselmo n\u00e3o resistiu aos ferimentos e morreu ainda no local. Uma equipe de per\u00edcia foi acionada para realizar os procedimentos necess\u00e1rios antes da remo\u00e7\u00e3o do corpo, que posteriormente foi encaminhado ao Instituto de Medicina Legal (IML) de Caruaru.<\/p>\n\n\n\n<p class=\"wp-block-paragraph\">At\u00e9 o momento, n\u00e3o h\u00e1 informa\u00e7\u00f5es confirmadas sobre quem praticou o homic\u00eddio ou qual teria sido a motiva\u00e7\u00e3o. O caso ser\u00e1 investigado pela Pol\u00edcia Civil, que dever\u00e1 reunir elementos e ouvir poss\u00edveis testemunhas para esclarecer as circunst\u00e2ncias do crime e tentar identificar os respons\u00e1veis.<\/p>\n\n\n\n<p class=\"wp-block-paragraph\"><strong>O caso segue em investiga\u00e7\u00e3o.<\/strong><\/p>\n","protected":false},"excerpt":{"rendered":"<p>Um homem conhecido inicialmente pelo nome de Anselmo foi assassinado a tiros na noite desta quarta-feira (2), no bairro Jos\u00e9&hellip;<\/p>\n","protected":false},"author":1,"featured_media":132799,"comment_status":"closed","ping_status":"open","sticky":false,"template":"","format":"standard","meta":{"footnotes":""},"categories":[14121],"tags":[27410,13146,37312,5448,36989],"class_list":["post-132795","post","type-post","status-publish","format-standard","has-post-thumbnail","hentry","category-policial","tag-blog-de-caruaru","tag-blog-edvaldo-magalhaes","tag-homem-e-assassinado-a-tiros-em-frente-a-creche-em-caruaru","tag-homicidio","tag-portal-edivaldo-magalhaes"],"_links":{"self":[{"href":"https:\/\/blogdoedvaldomagalhaes.com.br\/index.php\/wp-json\/wp\/v2\/posts\/132795","targetHints":{"allow":["GET"]}}],"collection":[{"href":"https:\/\/blogdoedvaldomagalhaes.com.br\/index.php\/wp-json\/wp\/v2\/posts"}],"about":[{"href":"https:\/\/blogdoedvaldomagalhaes.com.br\/index.php\/wp-json\/wp\/v2\/types\/post"}],"author":[{"embeddable":true,"href":"https:\/\/blogdoedvaldomagalhaes.com.br\/index.php\/wp-json\/wp\/v2\/users\/1"}],"replies":[{"embeddable":true,"href":"https:\/\/blogdoedvaldomagalhaes.com.br\/index.php\/wp-json\/wp\/v2\/comments?post=132795"}],"version-history":[{"count":1,"href":"https:\/\/blogdoedvaldomagalhaes.com.br\/index.php\/wp-json\/wp\/v2\/posts\/132795\/revisions"}],"predecessor-version":[{"id":132796,"href":"https:\/\/blogdoedvaldomagalhaes.com.br\/index.php\/wp-json\/wp\/v2\/posts\/132795\/revisions\/132796"}],"wp:featuredmedia":[{"embeddable":true,"href":"https:\/\/blogdoedvaldomagalhaes.com.br\/index.php\/wp-json\/wp\/v2\/media\/132799"}],"wp:attachment":[{"href":"https:\/\/blogdoedvaldomagalhaes.com.br\/index.php\/wp-json\/wp\/v2\/media?parent=132795"}],"wp:term":[{"taxonomy":"category","embeddable":true,"href":"https:\/\/blogdoedvaldomagalhaes.com.br\/index.php\/wp-json\/wp\/v2\/categories?post=132795"},{"taxonomy":"post_tag","embeddable":true,"href":"https:\/\/blogdoedvaldomagalhaes.com.br\/index.php\/wp-json\/wp\/v2\/tags?post=132795"}],"curies":[{"name":"wp","href":"https:\/\/api.w.org\/{rel}","templated":true}]}}