{"id":132787,"date":"2026-09-02T21:23:28","date_gmt":"2026-09-03T00:23:28","guid":{"rendered":"https:\/\/blogdoedvaldomagalhaes.com.br\/?p=132787"},"modified":"2026-09-02T21:23:28","modified_gmt":"2026-09-03T00:23:28","slug":"homicidio-e-registrado-no-bairro-santa-rosa-em-caruaru","status":"publish","type":"post","link":"https:\/\/blogdoedvaldomagalhaes.com.br\/index.php\/2026\/09\/02\/homicidio-e-registrado-no-bairro-santa-rosa-em-caruaru\/","title":{"rendered":"HOMIC\u00cdDIO \u00c9 REGISTRADO NO BAIRRO SANTA ROSA, EM CARUARU"},"content":{"rendered":"\n<p class=\"wp-block-paragraph\">Um homic\u00eddio foi registrado na noite desta quarta-feira (2), no bairro Santa Rosa, em Caruaru, no Agreste de Pernambuco.<\/p>\n\n\n\n<p class=\"wp-block-paragraph\">De acordo com as primeiras informa\u00e7\u00f5es, a v\u00edtima foi atingida por disparos de arma de fogo e morreu ainda no local.<\/p>\n\n\n\n<p class=\"wp-block-paragraph\">At\u00e9 o momento, a identidade da v\u00edtima n\u00e3o foi divulgada oficialmente. As circunst\u00e2ncias e a autoria do crime ainda s\u00e3o desconhecidas e dever\u00e3o ser investigadas pelas autoridades competentes.<\/p>\n\n\n\n<p class=\"wp-block-paragraph\">\ud83d\udd0e <strong>A ocorr\u00eancia est\u00e1 sendo acompanhada e novas informa\u00e7\u00f5es poder\u00e3o ser divulgadas a qualquer momento.<\/strong><\/p>\n\n\n\n<p class=\"wp-block-paragraph\">\ud83d\udcf2 <strong>Acompanhe o Portal Edvaldo Magalh\u00e3es para mais informa\u00e7\u00f5es.<\/strong><\/p>\n\n\n\n<p class=\"wp-block-paragraph\">#Caruaru #SantaRosa #Homic\u00eddio #Pol\u00edcia #AgresteDePernambuco #Pernambuco #PortalEdvaldoMagalh\u00e3es<\/p>\n","protected":false},"excerpt":{"rendered":"<p>Um homic\u00eddio foi registrado na noite desta quarta-feira (2), no bairro Santa Rosa, em Caruaru, no Agreste de Pernambuco. De&hellip;<\/p>\n","protected":false},"author":1,"featured_media":132788,"comment_status":"closed","ping_status":"open","sticky":false,"template":"","format":"standard","meta":{"footnotes":""},"categories":[14121],"tags":[13146,37311,36989],"class_list":["post-132787","post","type-post","status-publish","format-standard","has-post-thumbnail","hentry","category-policial","tag-blog-edvaldo-magalhaes","tag-homicidio-e-registrado-no-bairro-santa-rosa-em-caruaru","tag-portal-edivaldo-magalhaes"],"_links":{"self":[{"href":"https:\/\/blogdoedvaldomagalhaes.com.br\/index.php\/wp-json\/wp\/v2\/posts\/132787","targetHints":{"allow":["GET"]}}],"collection":[{"href":"https:\/\/blogdoedvaldomagalhaes.com.br\/index.php\/wp-json\/wp\/v2\/posts"}],"about":[{"href":"https:\/\/blogdoedvaldomagalhaes.com.br\/index.php\/wp-json\/wp\/v2\/types\/post"}],"author":[{"embeddable":true,"href":"https:\/\/blogdoedvaldomagalhaes.com.br\/index.php\/wp-json\/wp\/v2\/users\/1"}],"replies":[{"embeddable":true,"href":"https:\/\/blogdoedvaldomagalhaes.com.br\/index.php\/wp-json\/wp\/v2\/comments?post=132787"}],"version-history":[{"count":1,"href":"https:\/\/blogdoedvaldomagalhaes.com.br\/index.php\/wp-json\/wp\/v2\/posts\/132787\/revisions"}],"predecessor-version":[{"id":132789,"href":"https:\/\/blogdoedvaldomagalhaes.com.br\/index.php\/wp-json\/wp\/v2\/posts\/132787\/revisions\/132789"}],"wp:featuredmedia":[{"embeddable":true,"href":"https:\/\/blogdoedvaldomagalhaes.com.br\/index.php\/wp-json\/wp\/v2\/media\/132788"}],"wp:attachment":[{"href":"https:\/\/blogdoedvaldomagalhaes.com.br\/index.php\/wp-json\/wp\/v2\/media?parent=132787"}],"wp:term":[{"taxonomy":"category","embeddable":true,"href":"https:\/\/blogdoedvaldomagalhaes.com.br\/index.php\/wp-json\/wp\/v2\/categories?post=132787"},{"taxonomy":"post_tag","embeddable":true,"href":"https:\/\/blogdoedvaldomagalhaes.com.br\/index.php\/wp-json\/wp\/v2\/tags?post=132787"}],"curies":[{"name":"wp","href":"https:\/\/api.w.org\/{rel}","templated":true}]}}