{"id":132784,"date":"2026-09-02T15:14:38","date_gmt":"2026-09-02T18:14:38","guid":{"rendered":"https:\/\/blogdoedvaldomagalhaes.com.br\/?p=132784"},"modified":"2026-09-02T15:14:38","modified_gmt":"2026-09-02T18:14:38","slug":"anderson-correia-vai-pedir-ao-ministerio-publico-a-prisao-do-responsavel-pela-morte-de-um-cachorro-em-gravata","status":"publish","type":"post","link":"https:\/\/blogdoedvaldomagalhaes.com.br\/index.php\/2026\/09\/02\/anderson-correia-vai-pedir-ao-ministerio-publico-a-prisao-do-responsavel-pela-morte-de-um-cachorro-em-gravata\/","title":{"rendered":"Anderson Correia vai pedir ao Minist\u00e9rio P\u00fablico a pris\u00e3o do respons\u00e1vel pela morte de um cachorro em Gravat\u00e1"},"content":{"rendered":"\n<p class=\"wp-block-paragraph\">O vereador de Caruaru e candidato a deputado estadual Anderson Correia (PP) est\u00e1 acompanhando o caso de maus-tratos que resultou na morte de um cachorro, ap\u00f3s o animal ser agredido violentamente por um homem, na zona rural de Gravat\u00e1. O suspeito pelas agress\u00f5es foi preso ap\u00f3s o caso ganhar repercuss\u00e3o, passou por audi\u00eancia de cust\u00f3dia e acabou sendo colocado em liberdade. Desde que as imagens come\u00e7aram a circular, Correia recebeu diversas den\u00fancias e pedidos de pessoas ligadas \u00e0 causa animal para atuar no caso, passando a acompanh\u00e1-lo ao lado do Projeto Rabitos.<\/p>\n\n\n\n<p class=\"wp-block-paragraph\">Diante da gravidade do epis\u00f3dio, o tamb\u00e9m advogado animalista vai acionar o Minist\u00e9rio P\u00fablico de Pernambuco (MPPE) para solicitar as provid\u00eancias cab\u00edveis e pedir a pris\u00e3o do suspeito pelas agress\u00f5es. \u201cFoi uma covardia de uma crueldade que ultrapassou todos os limites. As pessoas ficaram revoltadas com tudo o que aconteceu e, diante da gravidade desse crime, vamos buscar as medidas necess\u00e1rias para que, quem cometeu esse crime seja responsabilizado, e para que n\u00e3o haja impunidade. Esse caso precisa receber a aten\u00e7\u00e3o e a resposta que a sociedade espera\u201d, afirmou Anderson Correia.<\/p>\n\n\n\n<p class=\"wp-block-paragraph\">A atua\u00e7\u00e3o no caso refor\u00e7a o trabalho de Anderson Correia como advogado animalista e uma das principais refer\u00eancias em Pernambuco no combate aos maus-tratos contra animais. Mesmo sendo vereador de Caruaru, ele \u00e9 procurado com frequ\u00eancia por pessoas de outras cidades &#8211; a exemplo deste epis\u00f3dio em Gravat\u00e1 -, que reconhecem sua trajet\u00f3ria na defesa animal.  <br>Siga o nosso Instagram @portaledivaldomagalhaes<br>Foto: Divulga\u00e7\u00e3o <\/p>\n","protected":false},"excerpt":{"rendered":"<p>O vereador de Caruaru e candidato a deputado estadual Anderson Correia (PP) est\u00e1 acompanhando o caso de maus-tratos que resultou&hellip;<\/p>\n","protected":false},"author":1,"featured_media":132785,"comment_status":"closed","ping_status":"open","sticky":false,"template":"","format":"standard","meta":{"footnotes":""},"categories":[14120],"tags":[37310,13146,36989],"class_list":["post-132784","post","type-post","status-publish","format-standard","has-post-thumbnail","hentry","category-noticias","tag-anderson-correia-vai-pedir-ao-ministerio-publico-a-prisao-do-responsavel-pela-morte-de-um-cachorro-em-gravata","tag-blog-edvaldo-magalhaes","tag-portal-edivaldo-magalhaes"],"_links":{"self":[{"href":"https:\/\/blogdoedvaldomagalhaes.com.br\/index.php\/wp-json\/wp\/v2\/posts\/132784","targetHints":{"allow":["GET"]}}],"collection":[{"href":"https:\/\/blogdoedvaldomagalhaes.com.br\/index.php\/wp-json\/wp\/v2\/posts"}],"about":[{"href":"https:\/\/blogdoedvaldomagalhaes.com.br\/index.php\/wp-json\/wp\/v2\/types\/post"}],"author":[{"embeddable":true,"href":"https:\/\/blogdoedvaldomagalhaes.com.br\/index.php\/wp-json\/wp\/v2\/users\/1"}],"replies":[{"embeddable":true,"href":"https:\/\/blogdoedvaldomagalhaes.com.br\/index.php\/wp-json\/wp\/v2\/comments?post=132784"}],"version-history":[{"count":1,"href":"https:\/\/blogdoedvaldomagalhaes.com.br\/index.php\/wp-json\/wp\/v2\/posts\/132784\/revisions"}],"predecessor-version":[{"id":132786,"href":"https:\/\/blogdoedvaldomagalhaes.com.br\/index.php\/wp-json\/wp\/v2\/posts\/132784\/revisions\/132786"}],"wp:featuredmedia":[{"embeddable":true,"href":"https:\/\/blogdoedvaldomagalhaes.com.br\/index.php\/wp-json\/wp\/v2\/media\/132785"}],"wp:attachment":[{"href":"https:\/\/blogdoedvaldomagalhaes.com.br\/index.php\/wp-json\/wp\/v2\/media?parent=132784"}],"wp:term":[{"taxonomy":"category","embeddable":true,"href":"https:\/\/blogdoedvaldomagalhaes.com.br\/index.php\/wp-json\/wp\/v2\/categories?post=132784"},{"taxonomy":"post_tag","embeddable":true,"href":"https:\/\/blogdoedvaldomagalhaes.com.br\/index.php\/wp-json\/wp\/v2\/tags?post=132784"}],"curies":[{"name":"wp","href":"https:\/\/api.w.org\/{rel}","templated":true}]}}