{"id":132781,"date":"2026-09-02T14:58:23","date_gmt":"2026-09-02T17:58:23","guid":{"rendered":"https:\/\/blogdoedvaldomagalhaes.com.br\/?p=132781"},"modified":"2026-09-02T14:58:23","modified_gmt":"2026-09-02T17:58:23","slug":"passageiro-de-onibus-e-preso-com-drogas-no-sertao-que-seriam-entregues-em-caruaru","status":"publish","type":"post","link":"https:\/\/blogdoedvaldomagalhaes.com.br\/index.php\/2026\/09\/02\/passageiro-de-onibus-e-preso-com-drogas-no-sertao-que-seriam-entregues-em-caruaru\/","title":{"rendered":"Passageiro de \u00f4nibus \u00e9 preso com drogas no Sert\u00e3o que seriam entregues em Caruaru"},"content":{"rendered":"\n<p class=\"wp-block-paragraph\">Um passageiro de \u00f4nibus que transportava 2,2 Kg de skank e cerca de um quilo de coca\u00edna foi detido, na madrugada de segunda-feira (31), pela Pol\u00edcia Rodovi\u00e1ria Federal (PRF). O flagrante foi realizado durante a fiscaliza\u00e7\u00e3o a um ve\u00edculo de transporte coletivo, na BR 232, em Serra Talhada, no Sert\u00e3o de Pernambuco.<\/p>\n\n\n\n<p class=\"wp-block-paragraph\">Policiais realizavam uma blitz para prevenir sinistros com \u00f4nibus, quando abordaram um ve\u00edculo que havia sa\u00eddo de Bel\u00e9m, no Par\u00e1, em dire\u00e7\u00e3o a Recife. Durante a verifica\u00e7\u00e3o das bagagens, a equipe percebeu que um dos passageiros estava bastante inquieto na poltrona.<\/p>\n\n\n\n<p class=\"wp-block-paragraph\">Ao ser questionado sobre onde estava a bagagem dele, o homem assumiu a propriedade de uma mochila. Quando a equipe abriu a bolsa, encontrou dois tabletes de uma subst\u00e2ncia semelhante a skank, considerada uma \u201csupermaconha\u201d, e um tablete de coca\u00edna.<\/p>\n\n\n\n<p class=\"wp-block-paragraph\">O passageiro admitiu que havia sido contratado para transportar a droga de Bel\u00e9m at\u00e9 Caruaru. Ele disse tamb\u00e9m que deixaria a droga no guarda-volumes do terminal rodovi\u00e1rio.<\/p>\n\n\n\n<p class=\"wp-block-paragraph\">O homem foi conduzido junto com os entorpecentes \u00e0 Delegacia de Pol\u00edcia Civil de Serra Talhada. Ele poder\u00e1 responder pelo crime de tr\u00e1fico de drogas, que prev\u00ea pena de cinco a 15 anos de reclus\u00e3o.  <br>\/8<\/p>\n\n\n\n<p class=\"wp-block-paragraph\">Siga o nosso Instagram @portaledivaldomagalhaes<br>Foto: Divulga\u00e7\u00e3o \/PRF<\/p>\n","protected":false},"excerpt":{"rendered":"<p>Um passageiro de \u00f4nibus que transportava 2,2 Kg de skank e cerca de um quilo de coca\u00edna foi detido, na&hellip;<\/p>\n","protected":false},"author":1,"featured_media":132782,"comment_status":"closed","ping_status":"open","sticky":false,"template":"","format":"standard","meta":{"footnotes":""},"categories":[14121],"tags":[27410,13146,36989,287],"class_list":["post-132781","post","type-post","status-publish","format-standard","has-post-thumbnail","hentry","category-policial","tag-blog-de-caruaru","tag-blog-edvaldo-magalhaes","tag-portal-edivaldo-magalhaes","tag-prf"],"_links":{"self":[{"href":"https:\/\/blogdoedvaldomagalhaes.com.br\/index.php\/wp-json\/wp\/v2\/posts\/132781","targetHints":{"allow":["GET"]}}],"collection":[{"href":"https:\/\/blogdoedvaldomagalhaes.com.br\/index.php\/wp-json\/wp\/v2\/posts"}],"about":[{"href":"https:\/\/blogdoedvaldomagalhaes.com.br\/index.php\/wp-json\/wp\/v2\/types\/post"}],"author":[{"embeddable":true,"href":"https:\/\/blogdoedvaldomagalhaes.com.br\/index.php\/wp-json\/wp\/v2\/users\/1"}],"replies":[{"embeddable":true,"href":"https:\/\/blogdoedvaldomagalhaes.com.br\/index.php\/wp-json\/wp\/v2\/comments?post=132781"}],"version-history":[{"count":1,"href":"https:\/\/blogdoedvaldomagalhaes.com.br\/index.php\/wp-json\/wp\/v2\/posts\/132781\/revisions"}],"predecessor-version":[{"id":132783,"href":"https:\/\/blogdoedvaldomagalhaes.com.br\/index.php\/wp-json\/wp\/v2\/posts\/132781\/revisions\/132783"}],"wp:featuredmedia":[{"embeddable":true,"href":"https:\/\/blogdoedvaldomagalhaes.com.br\/index.php\/wp-json\/wp\/v2\/media\/132782"}],"wp:attachment":[{"href":"https:\/\/blogdoedvaldomagalhaes.com.br\/index.php\/wp-json\/wp\/v2\/media?parent=132781"}],"wp:term":[{"taxonomy":"category","embeddable":true,"href":"https:\/\/blogdoedvaldomagalhaes.com.br\/index.php\/wp-json\/wp\/v2\/categories?post=132781"},{"taxonomy":"post_tag","embeddable":true,"href":"https:\/\/blogdoedvaldomagalhaes.com.br\/index.php\/wp-json\/wp\/v2\/tags?post=132781"}],"curies":[{"name":"wp","href":"https:\/\/api.w.org\/{rel}","templated":true}]}}