{"id":132778,"date":"2026-09-02T14:43:29","date_gmt":"2026-09-02T17:43:29","guid":{"rendered":"https:\/\/blogdoedvaldomagalhaes.com.br\/?p=132778"},"modified":"2026-09-02T14:43:29","modified_gmt":"2026-09-02T17:43:29","slug":"raquel-vai-ampliar-ensino-integral-e-profissional-e-entregar-15-novas-escolas-tecnicas-em-pernambuco","status":"publish","type":"post","link":"https:\/\/blogdoedvaldomagalhaes.com.br\/index.php\/2026\/09\/02\/raquel-vai-ampliar-ensino-integral-e-profissional-e-entregar-15-novas-escolas-tecnicas-em-pernambuco\/","title":{"rendered":"Raquel vai ampliar ensino integral e profissional e entregar 15 novas escolas t\u00e9cnicas em Pernambuco"},"content":{"rendered":"\n<p class=\"wp-block-paragraph\">A educa\u00e7\u00e3o seguir\u00e1 como uma das prioridades de Raquel Lyra nos pr\u00f3ximos quatro anos. Em seu Plano de Governo, a governadora e candidata \u00e0 reelei\u00e7\u00e3o assume o compromisso de ampliar o ensino integral e profissional e concluir e equipar 15 novas Escolas T\u00e9cnicas Estaduais (ETEs). Na educa\u00e7\u00e3o infantil, Raquel tamb\u00e9m prev\u00ea entregar todas as creches que est\u00e3o em constru\u00e7\u00e3o e garantir os custos de funcionamento das unidades durante o primeiro ano, at\u00e9 que as prefeituras possam assumir as despesas.<\/p>\n\n\n\n<p class=\"wp-block-paragraph\">As propostas d\u00e3o continuidade \u00e0 pol\u00edtica de investimentos que vem sendo executada na rede estadual desde 2023. Por meio do programa Juntos pela Educa\u00e7\u00e3o, a gest\u00e3o Raquel est\u00e1 fazendo o maior investimento na rede p\u00fablica de ensino da nossa hist\u00f3ria, garantindo R$ 5,5 bilh\u00f5es para a \u00e1rea.<\/p>\n\n\n\n<p class=\"wp-block-paragraph\">\u201cJ\u00e1 mostramos que \u00e9 poss\u00edvel fazer uma educa\u00e7\u00e3o p\u00fablica que cuida, acolhe e abre caminhos para os nossos estudantes. Agora, nosso compromisso \u00e9 avan\u00e7ar ainda mais, levando creches para mais munic\u00edpios, ampliando a educa\u00e7\u00e3o integral e profissional e garantindo escolas cada vez mais estruturadas. Queremos que cada pernambucano tenha a oportunidade de aprender, se desenvolver e construir o seu pr\u00f3prio futuro\u201d, afirmou Raquel.<\/p>\n\n\n\n<p class=\"wp-block-paragraph\">A candidata tamb\u00e9m prop\u00f5e ampliar a Educa\u00e7\u00e3o Integral, a Educa\u00e7\u00e3o Profissional e Tecnol\u00f3gica e os programas de interc\u00e2mbio de estudantes, fortalecendo iniciativas como o Ganhe o Mundo. O plano prev\u00ea ainda a conclus\u00e3o das obras de restaura\u00e7\u00e3o do Liceu de Artes e Of\u00edcios, do Gin\u00e1sio Pernambucano e da F\u00e1brica Tacaruna, al\u00e9m do in\u00edcio das atividades do Centro de Forma\u00e7\u00e3o dos Profissionais da Educa\u00e7\u00e3o (CEFORPE) e da nova ETE de Hotelaria e Gastronomia.<\/p>\n\n\n\n<p class=\"wp-block-paragraph\">Na infraestrutura, os avan\u00e7os j\u00e1 s\u00e3o concretos. Desde 2023, 505 escolas foram totalmente climatizadas. A gest\u00e3o tamb\u00e9m realizou mais de 13,6 mil nomea\u00e7\u00f5es na educa\u00e7\u00e3o, entre professores, analistas e assistentes. Al\u00e9m disso, pela primeira vez na hist\u00f3ria, 100% das escolas de Pernambuco contam com psic\u00f3logos atuando junto a professores e estudantes. Raquel tamb\u00e9m garantiu o aumento de 43% no teto de gratifica\u00e7\u00e3o das fun\u00e7\u00f5es t\u00e9cnicos-pedag\u00f3gicas e pagamento hist\u00f3rico de R 3,4 bilh\u00f5es dos precat\u00f3rios do FUNDEF.<\/p>\n\n\n\n<p class=\"wp-block-paragraph\">Entre as a\u00e7\u00f5es j\u00e1 implementadas est\u00e1 o Pix T\u00eanis, que garante recursos para a compra de cal\u00e7ados pelos estudantes da rede estadual. S\u00f3 em 2026, a iniciativa j\u00e1 contemplou 387 mil estudantes com o benef\u00edcio de R$ 150.  <br>Siga o nosso Instagram @portaledivaldomagalhaes<br>Foto: Yacy Ribeiro <\/p>\n","protected":false},"excerpt":{"rendered":"<p>A educa\u00e7\u00e3o seguir\u00e1 como uma das prioridades de Raquel Lyra nos pr\u00f3ximos quatro anos. Em seu Plano de Governo, a&hellip;<\/p>\n","protected":false},"author":1,"featured_media":132779,"comment_status":"closed","ping_status":"open","sticky":false,"template":"","format":"standard","meta":{"footnotes":""},"categories":[14122],"tags":[36938,13146,36989,1229],"class_list":["post-132778","post","type-post","status-publish","format-standard","has-post-thumbnail","hentry","category-politica","tag-blog-de-politica","tag-blog-edvaldo-magalhaes","tag-portal-edivaldo-magalhaes","tag-raquel-lyra"],"_links":{"self":[{"href":"https:\/\/blogdoedvaldomagalhaes.com.br\/index.php\/wp-json\/wp\/v2\/posts\/132778","targetHints":{"allow":["GET"]}}],"collection":[{"href":"https:\/\/blogdoedvaldomagalhaes.com.br\/index.php\/wp-json\/wp\/v2\/posts"}],"about":[{"href":"https:\/\/blogdoedvaldomagalhaes.com.br\/index.php\/wp-json\/wp\/v2\/types\/post"}],"author":[{"embeddable":true,"href":"https:\/\/blogdoedvaldomagalhaes.com.br\/index.php\/wp-json\/wp\/v2\/users\/1"}],"replies":[{"embeddable":true,"href":"https:\/\/blogdoedvaldomagalhaes.com.br\/index.php\/wp-json\/wp\/v2\/comments?post=132778"}],"version-history":[{"count":1,"href":"https:\/\/blogdoedvaldomagalhaes.com.br\/index.php\/wp-json\/wp\/v2\/posts\/132778\/revisions"}],"predecessor-version":[{"id":132780,"href":"https:\/\/blogdoedvaldomagalhaes.com.br\/index.php\/wp-json\/wp\/v2\/posts\/132778\/revisions\/132780"}],"wp:featuredmedia":[{"embeddable":true,"href":"https:\/\/blogdoedvaldomagalhaes.com.br\/index.php\/wp-json\/wp\/v2\/media\/132779"}],"wp:attachment":[{"href":"https:\/\/blogdoedvaldomagalhaes.com.br\/index.php\/wp-json\/wp\/v2\/media?parent=132778"}],"wp:term":[{"taxonomy":"category","embeddable":true,"href":"https:\/\/blogdoedvaldomagalhaes.com.br\/index.php\/wp-json\/wp\/v2\/categories?post=132778"},{"taxonomy":"post_tag","embeddable":true,"href":"https:\/\/blogdoedvaldomagalhaes.com.br\/index.php\/wp-json\/wp\/v2\/tags?post=132778"}],"curies":[{"name":"wp","href":"https:\/\/api.w.org\/{rel}","templated":true}]}}