{"id":132775,"date":"2026-09-02T14:26:52","date_gmt":"2026-09-02T17:26:52","guid":{"rendered":"https:\/\/blogdoedvaldomagalhaes.com.br\/?p=132775"},"modified":"2026-09-02T14:26:52","modified_gmt":"2026-09-02T17:26:52","slug":"guarda-municipal-de-caruaru-localiza-veiculo-com-registro-de-furto","status":"publish","type":"post","link":"https:\/\/blogdoedvaldomagalhaes.com.br\/index.php\/2026\/09\/02\/guarda-municipal-de-caruaru-localiza-veiculo-com-registro-de-furto\/","title":{"rendered":"Guarda Municipal de Caruaru localiza ve\u00edculo com registro de furto"},"content":{"rendered":"\n<p class=\"wp-block-paragraph\">A Guarda Municipal de Caruaru localizou, na manh\u00e3 desta ter\u00e7a-feira (1\u00ba), um ve\u00edculo com registro de roubo\/furto na Travessa do Matadouro, no bairro Vassoural. A equipe foi acionada por populares, que informaram sobre um carro aparentemente abandonado e obstruindo a via.<\/p>\n\n\n\n<p class=\"wp-block-paragraph\">Ap\u00f3s consulta aos sistemas de seguran\u00e7a, foi constatada a restri\u00e7\u00e3o do ve\u00edculo. Durante a verifica\u00e7\u00e3o, os agentes tamb\u00e9m identificaram a aus\u00eancia da bateria e do aparelho de som.<\/p>\n\n\n\n<p class=\"wp-block-paragraph\">A propriet\u00e1ria foi localizada e compareceu ao local. Ap\u00f3s a instala\u00e7\u00e3o de uma bateria reserva, o ve\u00edculo foi conduzido at\u00e9 a Delegacia de Plant\u00e3o, acompanhado pela equipe da Guarda Municipal, para ado\u00e7\u00e3o das medidas cab\u00edveis.  <br>Siga o nosso Instagram @portaledivaldomagalhaes<br>Foto: Divulga\u00e7\u00e3o \/GCM<\/p>\n","protected":false},"excerpt":{"rendered":"<p>A Guarda Municipal de Caruaru localizou, na manh\u00e3 desta ter\u00e7a-feira (1\u00ba), um ve\u00edculo com registro de roubo\/furto na Travessa do&hellip;<\/p>\n","protected":false},"author":1,"featured_media":132776,"comment_status":"closed","ping_status":"open","sticky":false,"template":"","format":"standard","meta":{"footnotes":""},"categories":[14121],"tags":[13146,13991,36989],"class_list":["post-132775","post","type-post","status-publish","format-standard","has-post-thumbnail","hentry","category-policial","tag-blog-edvaldo-magalhaes","tag-guarda-municipal-de-caruaru","tag-portal-edivaldo-magalhaes"],"_links":{"self":[{"href":"https:\/\/blogdoedvaldomagalhaes.com.br\/index.php\/wp-json\/wp\/v2\/posts\/132775","targetHints":{"allow":["GET"]}}],"collection":[{"href":"https:\/\/blogdoedvaldomagalhaes.com.br\/index.php\/wp-json\/wp\/v2\/posts"}],"about":[{"href":"https:\/\/blogdoedvaldomagalhaes.com.br\/index.php\/wp-json\/wp\/v2\/types\/post"}],"author":[{"embeddable":true,"href":"https:\/\/blogdoedvaldomagalhaes.com.br\/index.php\/wp-json\/wp\/v2\/users\/1"}],"replies":[{"embeddable":true,"href":"https:\/\/blogdoedvaldomagalhaes.com.br\/index.php\/wp-json\/wp\/v2\/comments?post=132775"}],"version-history":[{"count":1,"href":"https:\/\/blogdoedvaldomagalhaes.com.br\/index.php\/wp-json\/wp\/v2\/posts\/132775\/revisions"}],"predecessor-version":[{"id":132777,"href":"https:\/\/blogdoedvaldomagalhaes.com.br\/index.php\/wp-json\/wp\/v2\/posts\/132775\/revisions\/132777"}],"wp:featuredmedia":[{"embeddable":true,"href":"https:\/\/blogdoedvaldomagalhaes.com.br\/index.php\/wp-json\/wp\/v2\/media\/132776"}],"wp:attachment":[{"href":"https:\/\/blogdoedvaldomagalhaes.com.br\/index.php\/wp-json\/wp\/v2\/media?parent=132775"}],"wp:term":[{"taxonomy":"category","embeddable":true,"href":"https:\/\/blogdoedvaldomagalhaes.com.br\/index.php\/wp-json\/wp\/v2\/categories?post=132775"},{"taxonomy":"post_tag","embeddable":true,"href":"https:\/\/blogdoedvaldomagalhaes.com.br\/index.php\/wp-json\/wp\/v2\/tags?post=132775"}],"curies":[{"name":"wp","href":"https:\/\/api.w.org\/{rel}","templated":true}]}}