{"id":132772,"date":"2026-09-02T14:19:39","date_gmt":"2026-09-02T17:19:39","guid":{"rendered":"https:\/\/blogdoedvaldomagalhaes.com.br\/?p=132772"},"modified":"2026-09-02T14:19:39","modified_gmt":"2026-09-02T17:19:39","slug":"prefeitura-de-caruaru-inicia-coleta-de-solo-para-fortalecer-producao-agroecologica-na-zona-rural","status":"publish","type":"post","link":"https:\/\/blogdoedvaldomagalhaes.com.br\/index.php\/2026\/09\/02\/prefeitura-de-caruaru-inicia-coleta-de-solo-para-fortalecer-producao-agroecologica-na-zona-rural\/","title":{"rendered":"Prefeitura de Caruaru inicia coleta de solo para fortalecer produ\u00e7\u00e3o agroecol\u00f3gica na Zona Rural"},"content":{"rendered":"\n<p class=\"wp-block-paragraph\">A Prefeitura de Caruaru, por meio da Secretaria de Desenvolvimento Rural (SDR), iniciou nesta quarta-feira (2) a primeira coleta de solo para an\u00e1lise dentro das a\u00e7\u00f5es do PNAE (Programa Nacional de Alimenta\u00e7\u00e3o Escolar) Agroecol\u00f3gico, no 3\u00ba Distrito. A atividade faz parte da assist\u00eancia t\u00e9cnica oferecida aos agricultores participantes do projeto, realizado em parceria com a institui\u00e7\u00e3o Comida do Amanh\u00e3, por meio da entidade executora Centro Sabi\u00e1.<\/p>\n\n\n\n<p class=\"wp-block-paragraph\">Ao todo, seis propriedades rurais ser\u00e3o atendidas nesta etapa. A an\u00e1lise permite identificar as caracter\u00edsticas e necessidades de cada solo e, a partir dos resultados, orientar os agricultores sobre os nutrientes e manejos necess\u00e1rios para melhorar o desenvolvimento das culturas.<\/p>\n\n\n\n<p class=\"wp-block-paragraph\">Ap\u00f3s a coleta, as amostras ser\u00e3o encaminhadas para an\u00e1lise no laborat\u00f3rio do Centro Sabi\u00e1. Com os resultados, os propriet\u00e1rios ser\u00e3o informados sobre as condi\u00e7\u00f5es do solo e receber\u00e3o orienta\u00e7\u00f5es para realizar as adequa\u00e7\u00f5es, contribuindo para uma produ\u00e7\u00e3o mais saud\u00e1vel e sustent\u00e1vel.<\/p>\n\n\n\n<p class=\"wp-block-paragraph\">Para Elias Gomes, propriet\u00e1rio de terra, agricultor, professor e presidente do Conselho de Desenvolvimento Rural Sustent\u00e1vel de Caruaru, a iniciativa representa um avan\u00e7o no apoio \u00e0 agricultura familiar. \u201c\u00c9 uma a\u00e7\u00e3o muito importante porque permite conhecer a realidade de cada propriedade e oferecer ao agricultor uma orienta\u00e7\u00e3o mais adequada para melhorar sua produ\u00e7\u00e3o.\u201d<\/p>\n\n\n\n<p class=\"wp-block-paragraph\">A t\u00e9cnica do Centro Sabi\u00e1 e agroec\u00f3loga Iris Maria Silva destaca que a coleta \u00e9 uma etapa fundamental da assist\u00eancia t\u00e9cnica. \u201cA an\u00e1lise mostra o que o solo est\u00e1 precisando e, a partir disso, podemos orientar o agricultor sobre o que deve ser feito para que ele tenha melhores condi\u00e7\u00f5es de produzir de forma agroecol\u00f3gica.\u201d  <br>Siga-o nosso Instagram @portaledivaldomagalhaes<br>Foto: Elvis \u00c9dson <\/p>\n","protected":false},"excerpt":{"rendered":"<p>A Prefeitura de Caruaru, por meio da Secretaria de Desenvolvimento Rural (SDR), iniciou nesta quarta-feira (2) a primeira coleta de&hellip;<\/p>\n","protected":false},"author":1,"featured_media":132773,"comment_status":"closed","ping_status":"open","sticky":false,"template":"","format":"standard","meta":{"footnotes":""},"categories":[14120],"tags":[13146,36989,141,14161],"class_list":["post-132772","post","type-post","status-publish","format-standard","has-post-thumbnail","hentry","category-noticias","tag-blog-edvaldo-magalhaes","tag-portal-edivaldo-magalhaes","tag-prefeitura-de-caruaru","tag-zona-rural"],"_links":{"self":[{"href":"https:\/\/blogdoedvaldomagalhaes.com.br\/index.php\/wp-json\/wp\/v2\/posts\/132772","targetHints":{"allow":["GET"]}}],"collection":[{"href":"https:\/\/blogdoedvaldomagalhaes.com.br\/index.php\/wp-json\/wp\/v2\/posts"}],"about":[{"href":"https:\/\/blogdoedvaldomagalhaes.com.br\/index.php\/wp-json\/wp\/v2\/types\/post"}],"author":[{"embeddable":true,"href":"https:\/\/blogdoedvaldomagalhaes.com.br\/index.php\/wp-json\/wp\/v2\/users\/1"}],"replies":[{"embeddable":true,"href":"https:\/\/blogdoedvaldomagalhaes.com.br\/index.php\/wp-json\/wp\/v2\/comments?post=132772"}],"version-history":[{"count":1,"href":"https:\/\/blogdoedvaldomagalhaes.com.br\/index.php\/wp-json\/wp\/v2\/posts\/132772\/revisions"}],"predecessor-version":[{"id":132774,"href":"https:\/\/blogdoedvaldomagalhaes.com.br\/index.php\/wp-json\/wp\/v2\/posts\/132772\/revisions\/132774"}],"wp:featuredmedia":[{"embeddable":true,"href":"https:\/\/blogdoedvaldomagalhaes.com.br\/index.php\/wp-json\/wp\/v2\/media\/132773"}],"wp:attachment":[{"href":"https:\/\/blogdoedvaldomagalhaes.com.br\/index.php\/wp-json\/wp\/v2\/media?parent=132772"}],"wp:term":[{"taxonomy":"category","embeddable":true,"href":"https:\/\/blogdoedvaldomagalhaes.com.br\/index.php\/wp-json\/wp\/v2\/categories?post=132772"},{"taxonomy":"post_tag","embeddable":true,"href":"https:\/\/blogdoedvaldomagalhaes.com.br\/index.php\/wp-json\/wp\/v2\/tags?post=132772"}],"curies":[{"name":"wp","href":"https:\/\/api.w.org\/{rel}","templated":true}]}}