{"id":132769,"date":"2026-09-02T14:08:41","date_gmt":"2026-09-02T17:08:41","guid":{"rendered":"https:\/\/blogdoedvaldomagalhaes.com.br\/?p=132769"},"modified":"2026-09-02T14:08:41","modified_gmt":"2026-09-02T17:08:41","slug":"governo-de-pernambuco-qualifica-mais-de-200-profissionais-em-acessibilidade-comunicacional-durante-semana-estadual-da-pessoa-com-deficiencia","status":"publish","type":"post","link":"https:\/\/blogdoedvaldomagalhaes.com.br\/index.php\/2026\/09\/02\/governo-de-pernambuco-qualifica-mais-de-200-profissionais-em-acessibilidade-comunicacional-durante-semana-estadual-da-pessoa-com-deficiencia\/","title":{"rendered":"Governo de Pernambuco qualifica mais de 200 profissionais em acessibilidade comunicacional durante Semana Estadual da Pessoa com Defici\u00eancia"},"content":{"rendered":"\n<p class=\"wp-block-paragraph\"><em>A\u00e7\u00f5es promovidas pela SJDH- PE levaram capacita\u00e7\u00f5es em audiodescri\u00e7\u00e3o, Libras e atendimento inclusivo ao Sert\u00e3o e \u00e0 Regi\u00e3o Metropolitana do Recife<\/em><\/p>\n\n\n\n<p class=\"wp-block-paragraph\">O Governo de Pernambuco, por meio da Secretaria de Justi\u00e7a, Direitos Humanos e Preven\u00e7\u00e3o \u00e0 Viol\u00eancia (SJDH), qualificou mais de 200 pessoas em acessibilidade comunicacional durante a Semana Estadual da Pessoa com Defici\u00eancia 2026. As capacita\u00e7\u00f5es, realizadas no Sert\u00e3o e na Regi\u00e3o Metropolitana do Recife, reuniram servidores p\u00fablicos, profissionais da rede de atendimento e motoristas do Programa PE Conduz em atividades voltadas \u00e0 amplia\u00e7\u00e3o do acesso de pessoas com defici\u00eancia a servi\u00e7os, informa\u00e7\u00f5es e pol\u00edticas p\u00fablicas.<\/p>\n\n\n\n<p class=\"wp-block-paragraph\">A iniciativa integrou a programa\u00e7\u00e3o da Semana Estadual da Pessoa com Defici\u00eancia e teve como foco o fortalecimento das redes de atendimento e a prepara\u00e7\u00e3o de profissionais para uma comunica\u00e7\u00e3o mais acess\u00edvel e inclusiva. Ao longo da programa\u00e7\u00e3o, foram realizadas quatro capacita\u00e7\u00f5es nas \u00e1reas de audiodescri\u00e7\u00e3o, Libras e abordagem inclusiva.<\/p>\n\n\n\n<p class=\"wp-block-paragraph\">A agenda teve in\u00edcio em Petrolina, no dia 21 de agosto, com a Forma\u00e7\u00e3o Integrada realizada na FUNASE Petrolina. A atividade reuniu m\u00f3dulos de audiodescri\u00e7\u00e3o, conduzido pelo Centro de Apoio \u00e0 Pessoa com Defici\u00eancia de Pernambuco (CAD\/PE), e de L\u00edngua Brasileira de Sinais (Libras), realizado pelo Centro de Interpreta\u00e7\u00e3o de Libras de Pernambuco (CIL\/PE).<\/p>\n\n\n\n<p class=\"wp-block-paragraph\">No Recife, no dia 25 de agosto, a programa\u00e7\u00e3o avan\u00e7ou com duas a\u00e7\u00f5es direcionadas \u00e0 rede de atendimento. Uma delas foi a forma\u00e7\u00e3o em audiodescri\u00e7\u00e3o para servidores p\u00fablicos, voltada \u00e0 qualifica\u00e7\u00e3o dos profissionais para a comunica\u00e7\u00e3o acess\u00edvel. Na mesma data, motoristas do Programa PE Conduz participaram de uma capacita\u00e7\u00e3o sobre abordagem inclusiva, com orienta\u00e7\u00f5es para um atendimento mais adequado \u00e0s necessidades das pessoas com defici\u00eancia.<\/p>\n\n\n\n<p class=\"wp-block-paragraph\">Encerrando o ciclo de capacita\u00e7\u00f5es, na sexta-feira (28), foi realizada a Forma\u00e7\u00e3o Introdut\u00f3ria em Libras, que reuniu o maior n\u00famero de participantes da programa\u00e7\u00e3o e ampliou o alcance da iniciativa de qualifica\u00e7\u00e3o da rede p\u00fablica.<\/p>\n\n\n\n<p class=\"wp-block-paragraph\">Para Samara Gomes, representante da Secretaria da Mulher de Pernambuco, a experi\u00eancia contribuiu para ampliar conhecimentos e fortalecer uma comunica\u00e7\u00e3o que alcance diferentes p\u00fablicos.<\/p>\n\n\n\n<blockquote class=\"wp-block-quote is-layout-flow wp-block-quote-is-layout-flow\">\n<p class=\"wp-block-paragraph\">\u201cEstar aqui vivenciando essa experi\u00eancia, pra mim, \u00e9 uma riqueza muito grande. Eu j\u00e1 tinha um pouco de experi\u00eancia com Libras atrav\u00e9s da gradua\u00e7\u00e3o e pude aprender coisas novas, pude somar momentos maravilhosos com a turma. E eu convido voc\u00eas a estarem presentes e vivenciarem tamb\u00e9m essa experi\u00eancia. Acredito que a comunica\u00e7\u00e3o tem que se estender a todos, independente de qualquer forma\u201d, destacou.<\/p>\n<\/blockquote>\n\n\n\n<p class=\"wp-block-paragraph\">As quatro capacita\u00e7\u00f5es integram o eixo de qualifica\u00e7\u00e3o da Semana Estadual da Pessoa com Defici\u00eancia e refor\u00e7am a atua\u00e7\u00e3o do Governo de Pernambuco na constru\u00e7\u00e3o de uma rede de servi\u00e7os p\u00fablicos mais acess\u00edvel. A proposta \u00e9 ampliar, de forma pr\u00e1tica e descentralizada, a capacidade de servidores e profissionais de atendimento para garantir comunica\u00e7\u00e3o, acolhimento e acesso \u00e0s pol\u00edticas p\u00fablicas para pessoas com defici\u00eancia em diferentes territ\u00f3rios do Estado.<\/p>\n\n\n\n<p class=\"wp-block-paragraph\">Com a\u00e7\u00f5es realizadas no Sert\u00e3o e na Regi\u00e3o Metropolitana, a programa\u00e7\u00e3o tamb\u00e9m evidencia a estrat\u00e9gia de interioriza\u00e7\u00e3o das iniciativas de acessibilidade, fortalecendo a prepara\u00e7\u00e3o das redes locais e ampliando o alcance das pol\u00edticas de inclus\u00e3o em Pernambuco.<em>Governo de Pernambuco qualifica mais de 200 profissionais em acessibilidade comunicacional durante Semana Estadual da Pessoa com Defici\u00eancia<\/em><\/p>\n\n\n\n<p class=\"wp-block-paragraph\"><em>A\u00e7\u00f5es promovidas pela SJDH- PE levaram capacita\u00e7\u00f5es em audiodescri\u00e7\u00e3o, Libras e atendimento inclusivo ao Sert\u00e3o e \u00e0 Regi\u00e3o Metropolitana do Recife<\/em><\/p>\n\n\n\n<p class=\"wp-block-paragraph\">O Governo de Pernambuco, por meio da Secretaria de Justi\u00e7a, Direitos Humanos e Preven\u00e7\u00e3o \u00e0 Viol\u00eancia (SJDH), qualificou mais de 200 pessoas em acessibilidade comunicacional durante a Semana Estadual da Pessoa com Defici\u00eancia 2026. As capacita\u00e7\u00f5es, realizadas no Sert\u00e3o e na Regi\u00e3o Metropolitana do Recife, reuniram servidores p\u00fablicos, profissionais da rede de atendimento e motoristas do Programa PE Conduz em atividades voltadas \u00e0 amplia\u00e7\u00e3o do acesso de pessoas com defici\u00eancia a servi\u00e7os, informa\u00e7\u00f5es e pol\u00edticas p\u00fablicas.<\/p>\n\n\n\n<p class=\"wp-block-paragraph\">A iniciativa integrou a programa\u00e7\u00e3o da Semana Estadual da Pessoa com Defici\u00eancia e teve como foco o fortalecimento das redes de atendimento e a prepara\u00e7\u00e3o de profissionais para uma comunica\u00e7\u00e3o mais acess\u00edvel e inclusiva. Ao longo da programa\u00e7\u00e3o, foram realizadas quatro capacita\u00e7\u00f5es nas \u00e1reas de audiodescri\u00e7\u00e3o, Libras e abordagem inclusiva.<\/p>\n\n\n\n<p class=\"wp-block-paragraph\">A agenda teve in\u00edcio em Petrolina, no dia 21 de agosto, com a Forma\u00e7\u00e3o Integrada realizada na FUNASE Petrolina. A atividade reuniu m\u00f3dulos de audiodescri\u00e7\u00e3o, conduzido pelo Centro de Apoio \u00e0 Pessoa com Defici\u00eancia de Pernambuco (CAD\/PE), e de L\u00edngua Brasileira de Sinais (Libras), realizado pelo Centro de Interpreta\u00e7\u00e3o de Libras de Pernambuco (CIL\/PE).<\/p>\n\n\n\n<p class=\"wp-block-paragraph\">No Recife, no dia 25 de agosto, a programa\u00e7\u00e3o avan\u00e7ou com duas a\u00e7\u00f5es direcionadas \u00e0 rede de atendimento. Uma delas foi a forma\u00e7\u00e3o em audiodescri\u00e7\u00e3o para servidores p\u00fablicos, voltada \u00e0 qualifica\u00e7\u00e3o dos profissionais para a comunica\u00e7\u00e3o acess\u00edvel. Na mesma data, motoristas do Programa PE Conduz participaram de uma capacita\u00e7\u00e3o sobre abordagem inclusiva, com orienta\u00e7\u00f5es para um atendimento mais adequado \u00e0s necessidades das pessoas com defici\u00eancia.<\/p>\n\n\n\n<p class=\"wp-block-paragraph\">Encerrando o ciclo de capacita\u00e7\u00f5es, na sexta-feira (28), foi realizada a Forma\u00e7\u00e3o Introdut\u00f3ria em Libras, que reuniu o maior n\u00famero de participantes da programa\u00e7\u00e3o e ampliou o alcance da iniciativa de qualifica\u00e7\u00e3o da rede p\u00fablica.<\/p>\n\n\n\n<p class=\"wp-block-paragraph\">Para Samara Gomes, representante da Secretaria da Mulher de Pernambuco, a experi\u00eancia contribuiu para ampliar conhecimentos e fortalecer uma comunica\u00e7\u00e3o que alcance diferentes p\u00fablicos.<\/p>\n\n\n\n<blockquote class=\"wp-block-quote is-layout-flow wp-block-quote-is-layout-flow\">\n<p class=\"wp-block-paragraph\">\u201cEstar aqui vivenciando essa experi\u00eancia, pra mim, \u00e9 uma riqueza muito grande. Eu j\u00e1 tinha um pouco de experi\u00eancia com Libras atrav\u00e9s da gradua\u00e7\u00e3o e pude aprender coisas novas, pude somar momentos maravilhosos com a turma. E eu convido voc\u00eas a estarem presentes e vivenciarem tamb\u00e9m essa experi\u00eancia. Acredito que a comunica\u00e7\u00e3o tem que se estender a todos, independente de qualquer forma\u201d, destacou.<\/p>\n<\/blockquote>\n\n\n\n<p class=\"wp-block-paragraph\">As quatro capacita\u00e7\u00f5es integram o eixo de qualifica\u00e7\u00e3o da Semana Estadual da Pessoa com Defici\u00eancia e refor\u00e7am a atua\u00e7\u00e3o do Governo de Pernambuco na constru\u00e7\u00e3o de uma rede de servi\u00e7os p\u00fablicos mais acess\u00edvel. A proposta \u00e9 ampliar, de forma pr\u00e1tica e descentralizada, a capacidade de servidores e profissionais de atendimento para garantir comunica\u00e7\u00e3o, acolhimento e acesso \u00e0s pol\u00edticas p\u00fablicas para pessoas com defici\u00eancia em diferentes territ\u00f3rios do Estado.<\/p>\n\n\n\n<p class=\"wp-block-paragraph\">Com a\u00e7\u00f5es realizadas no Sert\u00e3o e na Regi\u00e3o Metropolitana, a programa\u00e7\u00e3o tamb\u00e9m evidencia a estrat\u00e9gia de interioriza\u00e7\u00e3o das iniciativas de acessibilidade, fortalecendo a prepara\u00e7\u00e3o das redes locais e ampliando o alcance das pol\u00edticas de inclus\u00e3o em Pernambuco.  <br>Siga o nosso Instagram @portaledivaldomagalhaes.  <br>Foto: Divulga\u00e7\u00e3o <\/p>\n","protected":false},"excerpt":{"rendered":"<p>A\u00e7\u00f5es promovidas pela SJDH- PE levaram capacita\u00e7\u00f5es em audiodescri\u00e7\u00e3o, Libras e atendimento inclusivo ao Sert\u00e3o e \u00e0 Regi\u00e3o Metropolitana do&hellip;<\/p>\n","protected":false},"author":1,"featured_media":132770,"comment_status":"closed","ping_status":"open","sticky":false,"template":"","format":"standard","meta":{"footnotes":""},"categories":[14122],"tags":[36938,13146,5943,36989,37201],"class_list":["post-132769","post","type-post","status-publish","format-standard","has-post-thumbnail","hentry","category-politica","tag-blog-de-politica","tag-blog-edvaldo-magalhaes","tag-governo-de-pernambuco","tag-portal-edivaldo-magalhaes","tag-semana-estadual-da-pessoa-com-deficiencia"],"_links":{"self":[{"href":"https:\/\/blogdoedvaldomagalhaes.com.br\/index.php\/wp-json\/wp\/v2\/posts\/132769","targetHints":{"allow":["GET"]}}],"collection":[{"href":"https:\/\/blogdoedvaldomagalhaes.com.br\/index.php\/wp-json\/wp\/v2\/posts"}],"about":[{"href":"https:\/\/blogdoedvaldomagalhaes.com.br\/index.php\/wp-json\/wp\/v2\/types\/post"}],"author":[{"embeddable":true,"href":"https:\/\/blogdoedvaldomagalhaes.com.br\/index.php\/wp-json\/wp\/v2\/users\/1"}],"replies":[{"embeddable":true,"href":"https:\/\/blogdoedvaldomagalhaes.com.br\/index.php\/wp-json\/wp\/v2\/comments?post=132769"}],"version-history":[{"count":1,"href":"https:\/\/blogdoedvaldomagalhaes.com.br\/index.php\/wp-json\/wp\/v2\/posts\/132769\/revisions"}],"predecessor-version":[{"id":132771,"href":"https:\/\/blogdoedvaldomagalhaes.com.br\/index.php\/wp-json\/wp\/v2\/posts\/132769\/revisions\/132771"}],"wp:featuredmedia":[{"embeddable":true,"href":"https:\/\/blogdoedvaldomagalhaes.com.br\/index.php\/wp-json\/wp\/v2\/media\/132770"}],"wp:attachment":[{"href":"https:\/\/blogdoedvaldomagalhaes.com.br\/index.php\/wp-json\/wp\/v2\/media?parent=132769"}],"wp:term":[{"taxonomy":"category","embeddable":true,"href":"https:\/\/blogdoedvaldomagalhaes.com.br\/index.php\/wp-json\/wp\/v2\/categories?post=132769"},{"taxonomy":"post_tag","embeddable":true,"href":"https:\/\/blogdoedvaldomagalhaes.com.br\/index.php\/wp-json\/wp\/v2\/tags?post=132769"}],"curies":[{"name":"wp","href":"https:\/\/api.w.org\/{rel}","templated":true}]}}