{"id":132766,"date":"2026-09-02T10:41:53","date_gmt":"2026-09-02T13:41:53","guid":{"rendered":"https:\/\/blogdoedvaldomagalhaes.com.br\/?p=132766"},"modified":"2026-09-02T10:41:53","modified_gmt":"2026-09-02T13:41:53","slug":"fagner-dos-animais-reune-apoiadores-em-encontro-com-anderson-luiz-e-reforca-busca-por-recursos-para-a-causa-animal","status":"publish","type":"post","link":"https:\/\/blogdoedvaldomagalhaes.com.br\/index.php\/2026\/09\/02\/fagner-dos-animais-reune-apoiadores-em-encontro-com-anderson-luiz-e-reforca-busca-por-recursos-para-a-causa-animal\/","title":{"rendered":"Fagner dos Animais re\u00fane apoiadores em encontro com Anderson Luiz e refor\u00e7a busca por recursos para a causa animal"},"content":{"rendered":"\n<p class=\"wp-block-paragraph\"><\/p>\n\n\n\n<p class=\"wp-block-paragraph\">Fagner dos Animais promoveu, na noite de ontem (1\u00ba), um bate-papo com o candidato a deputado estadual Anderson Luiz, que contou tamb\u00e9m com a participa\u00e7\u00e3o do prefeito de Caruaru, Rodrigo Pinheiro, e da vice-prefeita Dayse Silva. O encontro reuniu centenas de protetores de animais e de pessoas interessadas em conhecer melhor as propostas e a trajet\u00f3ria do candidato, especialmente as iniciativas voltadas \u00e0 causa animal.<\/p>\n\n\n\n<p class=\"wp-block-paragraph\">Durante o evento, Anderson Luiz apresentou propostas e falou sobre sua trajet\u00f3ria, refor\u00e7ando o compromisso com pautas que podem beneficiar Caruaru, especialmente aquelas relacionadas \u00e0 prote\u00e7\u00e3o e ao bem-estar animal.<\/p>\n\n\n\n<p class=\"wp-block-paragraph\">Para Fagner dos Animais, a elei\u00e7\u00e3o de um deputado estadual de Caruaru comprometido com a causa animal pode representar um avan\u00e7o importante para o munic\u00edpio. Segundo ele, a atua\u00e7\u00e3o de Anderson Luiz na Assembleia Legislativa poder\u00e1 contribuir para a busca de recursos destinados \u00e0 cria\u00e7\u00e3o de novos projetos, amplia\u00e7\u00e3o de a\u00e7\u00f5es de prote\u00e7\u00e3o animal e fortalecimento das iniciativas desenvolvidas no munic\u00edpio. \u201c\u00c9 muito importante termos um deputado estadual de Caruaru e, principalmente, algu\u00e9m comprometido com a causa animal. Com Anderson Luiz na Assembleia Legislativa, podemos buscar mais recursos e investimentos para criar novos projetos, ampliar as a\u00e7\u00f5es e fortalecer cada vez mais a causa animal. Quem ganha com isso n\u00e3o s\u00e3o apenas os animais, mas toda a popula\u00e7\u00e3o\u201d, destacou Fagner dos Animais.  <br>Siga o nosso Instagram @portaledivaldomagalhaes<br>Foto: Divulga\u00e7\u00e3o <\/p>\n","protected":false},"excerpt":{"rendered":"<p>Fagner dos Animais promoveu, na noite de ontem (1\u00ba), um bate-papo com o candidato a deputado estadual Anderson Luiz, que&hellip;<\/p>\n","protected":false},"author":1,"featured_media":132767,"comment_status":"closed","ping_status":"open","sticky":false,"template":"","format":"standard","meta":{"footnotes":""},"categories":[14122],"tags":[27410,36938,13146,37309,36989],"class_list":["post-132766","post","type-post","status-publish","format-standard","has-post-thumbnail","hentry","category-politica","tag-blog-de-caruaru","tag-blog-de-politica","tag-blog-edvaldo-magalhaes","tag-fagner-dos-animais-reune-apoiadores-em-encontro-com-anderson-correia","tag-portal-edivaldo-magalhaes"],"_links":{"self":[{"href":"https:\/\/blogdoedvaldomagalhaes.com.br\/index.php\/wp-json\/wp\/v2\/posts\/132766","targetHints":{"allow":["GET"]}}],"collection":[{"href":"https:\/\/blogdoedvaldomagalhaes.com.br\/index.php\/wp-json\/wp\/v2\/posts"}],"about":[{"href":"https:\/\/blogdoedvaldomagalhaes.com.br\/index.php\/wp-json\/wp\/v2\/types\/post"}],"author":[{"embeddable":true,"href":"https:\/\/blogdoedvaldomagalhaes.com.br\/index.php\/wp-json\/wp\/v2\/users\/1"}],"replies":[{"embeddable":true,"href":"https:\/\/blogdoedvaldomagalhaes.com.br\/index.php\/wp-json\/wp\/v2\/comments?post=132766"}],"version-history":[{"count":1,"href":"https:\/\/blogdoedvaldomagalhaes.com.br\/index.php\/wp-json\/wp\/v2\/posts\/132766\/revisions"}],"predecessor-version":[{"id":132768,"href":"https:\/\/blogdoedvaldomagalhaes.com.br\/index.php\/wp-json\/wp\/v2\/posts\/132766\/revisions\/132768"}],"wp:featuredmedia":[{"embeddable":true,"href":"https:\/\/blogdoedvaldomagalhaes.com.br\/index.php\/wp-json\/wp\/v2\/media\/132767"}],"wp:attachment":[{"href":"https:\/\/blogdoedvaldomagalhaes.com.br\/index.php\/wp-json\/wp\/v2\/media?parent=132766"}],"wp:term":[{"taxonomy":"category","embeddable":true,"href":"https:\/\/blogdoedvaldomagalhaes.com.br\/index.php\/wp-json\/wp\/v2\/categories?post=132766"},{"taxonomy":"post_tag","embeddable":true,"href":"https:\/\/blogdoedvaldomagalhaes.com.br\/index.php\/wp-json\/wp\/v2\/tags?post=132766"}],"curies":[{"name":"wp","href":"https:\/\/api.w.org\/{rel}","templated":true}]}}