{"id":132762,"date":"2026-09-02T10:23:20","date_gmt":"2026-09-02T13:23:20","guid":{"rendered":"https:\/\/blogdoedvaldomagalhaes.com.br\/?p=132762"},"modified":"2026-09-02T10:26:47","modified_gmt":"2026-09-02T13:26:47","slug":"comercio-de-caruaru-podera-praticar-jornada-de-trabalho-nos-feriados-de-setembro","status":"publish","type":"post","link":"https:\/\/blogdoedvaldomagalhaes.com.br\/index.php\/2026\/09\/02\/comercio-de-caruaru-podera-praticar-jornada-de-trabalho-nos-feriados-de-setembro\/","title":{"rendered":"Com\u00e9rcio de Caruaru poder\u00e1 praticar jornada de trabalho nos feriados de setembro"},"content":{"rendered":"\n<p class=\"wp-block-paragraph\">O Sindicato dos Lojistas do Com\u00e9rcio de Caruaru (Sindloja) informa que h\u00e1 autoriza\u00e7\u00e3o para a jornada de trabalho nas empresas da categoria do com\u00e9rcio varejista (com\u00e9rcio em geral e centros de compras), nos feriados do m\u00eas de setembro, que s\u00e3o o dia 7 (Dia da Independ\u00eancia do Brasil) e dia 15 (Dia de Nossa Senhora das Dores, padroeira de Caruaru).<\/p>\n\n\n\n<p class=\"wp-block-paragraph\">Para tanto, as empresas devem cumprir os requisitos previstos na Conven\u00e7\u00e3o Coletiva de Trabalho (CCT) da categoria, como o envio de comunicado eletr\u00f4nico ao Sindloja por meio da plataforma E-Sind, atendendo o prazo de cinco dias de anteced\u00eancia ao feriado para empresas n\u00e3o associadas e dois dias de anteced\u00eancia para associados.<\/p>\n\n\n\n<p class=\"wp-block-paragraph\">\u00c9 necess\u00e1rio tamb\u00e9m realizar o pagamento de taxa de autoriza\u00e7\u00e3o para jornada em feriado ao Sindloja, caso a empresa n\u00e3o seja filiada ao sindicato; efetuar o pagamento de ajuda de custo ao trabalhador; e conceder a folga ao trabalhador, no prazo de at\u00e9 30 dias.<\/p>\n\n\n\n<p class=\"wp-block-paragraph\">Em caso de descumprimento dessas regras, as empresas poder\u00e3o sofrer aplica\u00e7\u00e3o de multa prevista na CCT e tamb\u00e9m autua\u00e7\u00e3o e aplica\u00e7\u00e3o de multa pela fiscaliza\u00e7\u00e3o do Minist\u00e9rio do Trabalho. <br>Siga o nosso Instagram @portaledivaldomagalhaes<br>Foto: Reprodu\u00e7\u00e3o\/Internet<\/p>\n","protected":false},"excerpt":{"rendered":"<p>O Sindicato dos Lojistas do Com\u00e9rcio de Caruaru (Sindloja) informa que h\u00e1 autoriza\u00e7\u00e3o para a jornada de trabalho nas empresas&hellip;<\/p>\n","protected":false},"author":1,"featured_media":132764,"comment_status":"closed","ping_status":"open","sticky":false,"template":"","format":"standard","meta":{"footnotes":""},"categories":[14120],"tags":[27410,13146,37308,36989],"class_list":["post-132762","post","type-post","status-publish","format-standard","has-post-thumbnail","hentry","category-noticias","tag-blog-de-caruaru","tag-blog-edvaldo-magalhaes","tag-comercio-de-caruaru-podera-praticar-jornada-de-trabalho-nos-feriados-de-setembro","tag-portal-edivaldo-magalhaes"],"_links":{"self":[{"href":"https:\/\/blogdoedvaldomagalhaes.com.br\/index.php\/wp-json\/wp\/v2\/posts\/132762","targetHints":{"allow":["GET"]}}],"collection":[{"href":"https:\/\/blogdoedvaldomagalhaes.com.br\/index.php\/wp-json\/wp\/v2\/posts"}],"about":[{"href":"https:\/\/blogdoedvaldomagalhaes.com.br\/index.php\/wp-json\/wp\/v2\/types\/post"}],"author":[{"embeddable":true,"href":"https:\/\/blogdoedvaldomagalhaes.com.br\/index.php\/wp-json\/wp\/v2\/users\/1"}],"replies":[{"embeddable":true,"href":"https:\/\/blogdoedvaldomagalhaes.com.br\/index.php\/wp-json\/wp\/v2\/comments?post=132762"}],"version-history":[{"count":2,"href":"https:\/\/blogdoedvaldomagalhaes.com.br\/index.php\/wp-json\/wp\/v2\/posts\/132762\/revisions"}],"predecessor-version":[{"id":132765,"href":"https:\/\/blogdoedvaldomagalhaes.com.br\/index.php\/wp-json\/wp\/v2\/posts\/132762\/revisions\/132765"}],"wp:featuredmedia":[{"embeddable":true,"href":"https:\/\/blogdoedvaldomagalhaes.com.br\/index.php\/wp-json\/wp\/v2\/media\/132764"}],"wp:attachment":[{"href":"https:\/\/blogdoedvaldomagalhaes.com.br\/index.php\/wp-json\/wp\/v2\/media?parent=132762"}],"wp:term":[{"taxonomy":"category","embeddable":true,"href":"https:\/\/blogdoedvaldomagalhaes.com.br\/index.php\/wp-json\/wp\/v2\/categories?post=132762"},{"taxonomy":"post_tag","embeddable":true,"href":"https:\/\/blogdoedvaldomagalhaes.com.br\/index.php\/wp-json\/wp\/v2\/tags?post=132762"}],"curies":[{"name":"wp","href":"https:\/\/api.w.org\/{rel}","templated":true}]}}