{"id":132758,"date":"2026-09-02T10:16:05","date_gmt":"2026-09-02T13:16:05","guid":{"rendered":"https:\/\/blogdoedvaldomagalhaes.com.br\/?p=132758"},"modified":"2026-09-02T10:17:43","modified_gmt":"2026-09-02T13:17:43","slug":"setembro-dourado-icia-alerta-para-a-importancia-de-reconhecer-os-sinais-do-cancer-infantojuvenil","status":"publish","type":"post","link":"https:\/\/blogdoedvaldomagalhaes.com.br\/index.php\/2026\/09\/02\/setembro-dourado-icia-alerta-para-a-importancia-de-reconhecer-os-sinais-do-cancer-infantojuvenil\/","title":{"rendered":"SETEMBRO DOURADO: ICIA ALERTA PARA A IMPORT\u00c2NCIA DE RECONHECER OS SINAIS DO C\u00c2NCER INFANTOJUVENIL"},"content":{"rendered":"\n<p class=\"wp-block-paragraph\"><\/p>\n\n\n\n<p class=\"wp-block-paragraph\">Setembro \u00e9 marcado pelo Setembro Dourado, m\u00eas de conscientiza\u00e7\u00e3o sobre o c\u00e2ncer infantojuvenil. Em todo o pa\u00eds, a campanha chama a aten\u00e7\u00e3o para a import\u00e2ncia da informa\u00e7\u00e3o e, principalmente, do diagn\u00f3stico precoce, que pode contribuir para melhores resultados no tratamento.<\/p>\n\n\n\n<p class=\"wp-block-paragraph\">O Instituto do C\u00e2ncer Infantil do Agreste (ICIA) aproveita o per\u00edodo para refor\u00e7ar uma mensagem simples, mas fundamental: prestar aten\u00e7\u00e3o aos sinais tamb\u00e9m \u00e9 uma forma de cuidado.<\/p>\n\n\n\n<p class=\"wp-block-paragraph\">O c\u00e2ncer infantojuvenil pode apresentar sintomas semelhantes aos de doen\u00e7as comuns da inf\u00e2ncia, o que pode dificultar a identifica\u00e7\u00e3o inicial. \u201cO c\u00e2ncer infantojuvenil muitas vezes come\u00e7a com sinais que parecem comuns. Por isso, \u00e9 t\u00e3o importante que pais, familiares e profissionais de sa\u00fade estejam atentos quando alguma altera\u00e7\u00e3o persiste, se repete ou foge do padr\u00e3o daquela crian\u00e7a. N\u00e3o significa que seja c\u00e2ncer, mas significa que precisa ser investigado\u201d, destaca Dr. Luiz Henrique, Diretor Geral do ICIA.<\/p>\n\n\n\n<p class=\"wp-block-paragraph\">Para o m\u00e9dico, informa\u00e7\u00e3o pode ajudar a encurtar o caminho entre o aparecimento dos primeiros sinais e o diagn\u00f3stico. \u201cQuanto mais cedo houver a suspeita e a investiga\u00e7\u00e3o adequada, maiores s\u00e3o as possibilidades de iniciar o tratamento no tempo necess\u00e1rio. O nosso papel, enquanto institui\u00e7\u00e3o, tamb\u00e9m \u00e9 levar conhecimento para que mais pessoas saibam reconhecer esses sinais\u201d, afirma.<\/p>\n\n\n\n<p class=\"wp-block-paragraph\">Durante o Setembro Dourado, o ICIA refor\u00e7a a import\u00e2ncia de observar mudan\u00e7as no comportamento e na sa\u00fade das crian\u00e7as e adolescentes e buscar avalia\u00e7\u00e3o m\u00e9dica diante de sintomas persistentes.<\/p>\n\n\n\n<p class=\"wp-block-paragraph\">Observe. Investigue. Compartilhe.<br>Informa\u00e7\u00e3o pode ajudar a encurtar caminhos e contribuir para que crian\u00e7as e adolescentes tenham acesso mais r\u00e1pido ao diagn\u00f3stico e ao tratamento adequado.<\/p>\n\n\n\n<p class=\"wp-block-paragraph\"><br>Siga o nosso Instagram @portaledivaldomagalhaes<br>Foto: Divulga\u00e7\u00e3o <\/p>\n\n\n\n<p class=\"wp-block-paragraph\"><\/p>\n","protected":false},"excerpt":{"rendered":"<p>Setembro \u00e9 marcado pelo Setembro Dourado, m\u00eas de conscientiza\u00e7\u00e3o sobre o c\u00e2ncer infantojuvenil. Em todo o pa\u00eds, a campanha chama&hellip;<\/p>\n","protected":false},"author":1,"featured_media":132759,"comment_status":"closed","ping_status":"open","sticky":false,"template":"","format":"standard","meta":{"footnotes":""},"categories":[14120],"tags":[27410,13146,9395,36989,37307],"class_list":["post-132758","post","type-post","status-publish","format-standard","has-post-thumbnail","hentry","category-noticias","tag-blog-de-caruaru","tag-blog-edvaldo-magalhaes","tag-icia","tag-portal-edivaldo-magalhaes","tag-setembro-dourado"],"_links":{"self":[{"href":"https:\/\/blogdoedvaldomagalhaes.com.br\/index.php\/wp-json\/wp\/v2\/posts\/132758","targetHints":{"allow":["GET"]}}],"collection":[{"href":"https:\/\/blogdoedvaldomagalhaes.com.br\/index.php\/wp-json\/wp\/v2\/posts"}],"about":[{"href":"https:\/\/blogdoedvaldomagalhaes.com.br\/index.php\/wp-json\/wp\/v2\/types\/post"}],"author":[{"embeddable":true,"href":"https:\/\/blogdoedvaldomagalhaes.com.br\/index.php\/wp-json\/wp\/v2\/users\/1"}],"replies":[{"embeddable":true,"href":"https:\/\/blogdoedvaldomagalhaes.com.br\/index.php\/wp-json\/wp\/v2\/comments?post=132758"}],"version-history":[{"count":2,"href":"https:\/\/blogdoedvaldomagalhaes.com.br\/index.php\/wp-json\/wp\/v2\/posts\/132758\/revisions"}],"predecessor-version":[{"id":132761,"href":"https:\/\/blogdoedvaldomagalhaes.com.br\/index.php\/wp-json\/wp\/v2\/posts\/132758\/revisions\/132761"}],"wp:featuredmedia":[{"embeddable":true,"href":"https:\/\/blogdoedvaldomagalhaes.com.br\/index.php\/wp-json\/wp\/v2\/media\/132759"}],"wp:attachment":[{"href":"https:\/\/blogdoedvaldomagalhaes.com.br\/index.php\/wp-json\/wp\/v2\/media?parent=132758"}],"wp:term":[{"taxonomy":"category","embeddable":true,"href":"https:\/\/blogdoedvaldomagalhaes.com.br\/index.php\/wp-json\/wp\/v2\/categories?post=132758"},{"taxonomy":"post_tag","embeddable":true,"href":"https:\/\/blogdoedvaldomagalhaes.com.br\/index.php\/wp-json\/wp\/v2\/tags?post=132758"}],"curies":[{"name":"wp","href":"https:\/\/api.w.org\/{rel}","templated":true}]}}