{"id":132749,"date":"2026-09-01T21:46:28","date_gmt":"2026-09-02T00:46:28","guid":{"rendered":"https:\/\/blogdoedvaldomagalhaes.com.br\/?p=132749"},"modified":"2026-09-01T22:14:14","modified_gmt":"2026-09-02T01:14:14","slug":"justica-eleitoral-condena-quatro-deputados-envolvidos-por-propaganda-negativa-contra-raquel-lyra","status":"publish","type":"post","link":"https:\/\/blogdoedvaldomagalhaes.com.br\/index.php\/2026\/09\/01\/justica-eleitoral-condena-quatro-deputados-envolvidos-por-propaganda-negativa-contra-raquel-lyra\/","title":{"rendered":"Justi\u00e7a Eleitoral condena quatro deputados envolvidos por propaganda negativa contra Raquel Lyra"},"content":{"rendered":"\n<p class=\"wp-block-paragraph\"><em>Justi\u00e7a Eleitoral condena quatro deputados envolvidos por propaganda negativa contra Raquel Lyra<\/em><\/p>\n\n\n\n<p class=\"wp-block-paragraph\">A Justi\u00e7a Eleitoral julgou procedente a representa\u00e7\u00e3o apresentada pelo Partido Social Democr\u00e1tico (PSD) contra os deputados estaduais Romero Albuquerque (PSB), Cayo Albino (PSB), \u00c1lvaro Porto (MDB) e Junior Matuto (Republicanos), por propaganda eleitoral antecipada negativa contra a ent\u00e3o pr\u00e9-candidata \u00e0 reelei\u00e7\u00e3o, Raquel Lyra (PSD). Na decis\u00e3o, os quatro envolvidos foram condenados ao pagamento de multa de R$ 10 mil cada, com fundamento no artigo 36, \u00a73\u00ba, da Lei n\u00ba 9.504\/97. A Justi\u00e7a Eleitoral tamb\u00e9m manteve integralmente a liminar que havia determinado a remo\u00e7\u00e3o e a indisponibilidade do conte\u00fado divulgado.<\/p>\n\n\n\n<p class=\"wp-block-paragraph\">Segundo a decis\u00e3o, o v\u00eddeo da s\u00e9rie \u201cFamilh\u00e3o\u201d, apresentado como uma s\u00e1tira, construiu uma narrativa com o objetivo de associar Raquel Lyra a uma suposta situa\u00e7\u00e3o de descaso e precariedade na sa\u00fade p\u00fablica de Pernambuco. O material tamb\u00e9m sugeria que as reformas realizadas pelo Governo do Estado seriam apenas \u201cde fachada\u201d.<\/p>\n\n\n\n<p class=\"wp-block-paragraph\">O desembargador eleitoral relator, Luiz Gustavo Mendon\u00e7a de Ara\u00fajo, concluiu que o conte\u00fado ultrapassou os limites da cr\u00edtica pol\u00edtica e configurou ofensa \u00e0 honra e \u00e0 imagem da ent\u00e3o pr\u00e9-candidata. A decis\u00e3o tamb\u00e9m registrou a utiliza\u00e7\u00e3o de conte\u00fado sint\u00e9tico e de recursos de intelig\u00eancia artificial na produ\u00e7\u00e3o do material, refor\u00e7ando o entendimento da Justi\u00e7a Eleitoral sobre a irregularidade da propaganda.<\/p>\n","protected":false},"excerpt":{"rendered":"<p>Justi\u00e7a Eleitoral condena quatro deputados envolvidos por propaganda negativa contra Raquel Lyra A Justi\u00e7a Eleitoral julgou procedente a representa\u00e7\u00e3o apresentada&hellip;<\/p>\n","protected":false},"author":1,"featured_media":132751,"comment_status":"closed","ping_status":"open","sticky":false,"template":"","format":"standard","meta":{"footnotes":""},"categories":[14122],"tags":[36938,13146,36989],"class_list":["post-132749","post","type-post","status-publish","format-standard","has-post-thumbnail","hentry","category-politica","tag-blog-de-politica","tag-blog-edvaldo-magalhaes","tag-portal-edivaldo-magalhaes"],"_links":{"self":[{"href":"https:\/\/blogdoedvaldomagalhaes.com.br\/index.php\/wp-json\/wp\/v2\/posts\/132749","targetHints":{"allow":["GET"]}}],"collection":[{"href":"https:\/\/blogdoedvaldomagalhaes.com.br\/index.php\/wp-json\/wp\/v2\/posts"}],"about":[{"href":"https:\/\/blogdoedvaldomagalhaes.com.br\/index.php\/wp-json\/wp\/v2\/types\/post"}],"author":[{"embeddable":true,"href":"https:\/\/blogdoedvaldomagalhaes.com.br\/index.php\/wp-json\/wp\/v2\/users\/1"}],"replies":[{"embeddable":true,"href":"https:\/\/blogdoedvaldomagalhaes.com.br\/index.php\/wp-json\/wp\/v2\/comments?post=132749"}],"version-history":[{"count":1,"href":"https:\/\/blogdoedvaldomagalhaes.com.br\/index.php\/wp-json\/wp\/v2\/posts\/132749\/revisions"}],"predecessor-version":[{"id":132750,"href":"https:\/\/blogdoedvaldomagalhaes.com.br\/index.php\/wp-json\/wp\/v2\/posts\/132749\/revisions\/132750"}],"wp:featuredmedia":[{"embeddable":true,"href":"https:\/\/blogdoedvaldomagalhaes.com.br\/index.php\/wp-json\/wp\/v2\/media\/132751"}],"wp:attachment":[{"href":"https:\/\/blogdoedvaldomagalhaes.com.br\/index.php\/wp-json\/wp\/v2\/media?parent=132749"}],"wp:term":[{"taxonomy":"category","embeddable":true,"href":"https:\/\/blogdoedvaldomagalhaes.com.br\/index.php\/wp-json\/wp\/v2\/categories?post=132749"},{"taxonomy":"post_tag","embeddable":true,"href":"https:\/\/blogdoedvaldomagalhaes.com.br\/index.php\/wp-json\/wp\/v2\/tags?post=132749"}],"curies":[{"name":"wp","href":"https:\/\/api.w.org\/{rel}","templated":true}]}}