{"id":132740,"date":"2026-09-01T21:05:57","date_gmt":"2026-09-02T00:05:57","guid":{"rendered":"https:\/\/blogdoedvaldomagalhaes.com.br\/?p=132740"},"modified":"2026-09-01T21:07:42","modified_gmt":"2026-09-02T00:07:42","slug":"delegado-lessa-solicita-que-transferencia-da-feira-do-paraguai-seja-discutida-apenas-em-2027","status":"publish","type":"post","link":"https:\/\/blogdoedvaldomagalhaes.com.br\/index.php\/2026\/09\/01\/delegado-lessa-solicita-que-transferencia-da-feira-do-paraguai-seja-discutida-apenas-em-2027\/","title":{"rendered":"Delegado Lessa solicita que transfer\u00eancia da \u201cFeira do Paraguai\u201d seja discutida apenas em 2027"},"content":{"rendered":"\n<p class=\"wp-block-paragraph\">Delegado Lessa defende di\u00e1logo com os comerciantes e alerta para os impactos de uma mudan\u00e7a durante o per\u00edodo de maior movimento comercial do ano.<\/p>\n\n\n\n<p class=\"wp-block-paragraph\">O vereador Delegado Lessa apresentou requerimento na C\u00e2mara Municipal de Caruaru solicitando que as tratativas e eventuais medidas de remo\u00e7\u00e3o ou realoca\u00e7\u00e3o dos comerciantes da Feira de Importados, conhecida como \u201cFeira do Paraguai\u201d, sejam adiadas para 2027.<\/p>\n\n\n\n<p class=\"wp-block-paragraph\">A iniciativa busca evitar que os feirantes sejam transferidos justamente no per\u00edodo de final de ano, tradicionalmente marcado pelo aumento do fluxo de consumidores e das vendas no Complexo de Feiras de Caruaru.<\/p>\n\n\n\n<p class=\"wp-block-paragraph\">Segundo Lessa, uma mudan\u00e7a neste momento poderia provocar redu\u00e7\u00e3o no movimento, aumento de custos e preju\u00edzos para comerciantes que dependem da atividade para sustentar suas fam\u00edlias.<\/p>\n\n\n\n<p class=\"wp-block-paragraph\">\u201cN\u00e3o somos contra o planejamento ou o desenvolvimento de Caruaru. Defendemos que qualquer mudan\u00e7a seja constru\u00edda com di\u00e1logo, planejamento e respeito a quem trabalha todos os dias para sustentar suas fam\u00edlias\u201d, afirmou.<\/p>\n\n\n\n<figure class=\"wp-block-image size-large\"><img loading=\"lazy\" decoding=\"async\" width=\"1024\" height=\"720\" src=\"https:\/\/blogdoedvaldomagalhaes.com.br\/wp-content\/uploads\/2026\/09\/e38dacae-f747-49aa-94dc-b4f9b5cc4638-1024x720.jpg\" alt=\"\" class=\"wp-image-132743\" srcset=\"https:\/\/blogdoedvaldomagalhaes.com.br\/wp-content\/uploads\/2026\/09\/e38dacae-f747-49aa-94dc-b4f9b5cc4638-1024x720.jpg 1024w, https:\/\/blogdoedvaldomagalhaes.com.br\/wp-content\/uploads\/2026\/09\/e38dacae-f747-49aa-94dc-b4f9b5cc4638-300x211.jpg 300w, https:\/\/blogdoedvaldomagalhaes.com.br\/wp-content\/uploads\/2026\/09\/e38dacae-f747-49aa-94dc-b4f9b5cc4638-768x540.jpg 768w, https:\/\/blogdoedvaldomagalhaes.com.br\/wp-content\/uploads\/2026\/09\/e38dacae-f747-49aa-94dc-b4f9b5cc4638.jpg 1280w\" sizes=\"auto, (max-width: 1024px) 100vw, 1024px\" \/><\/figure>\n\n\n\n<p class=\"wp-block-paragraph\">O requerimento tamb\u00e9m solicita que a Prefeitura realize reuni\u00f5es com os feirantes, estudos sobre os impactos econ\u00f4micos e sociais de uma poss\u00edvel transfer\u00eancia e avalie a cria\u00e7\u00e3o de uma Mesa Permanente de Di\u00e1logo Institucional.<\/p>\n\n\n\n<p class=\"wp-block-paragraph\">Lessa ainda pede informa\u00e7\u00f5es sobre eventuais tratativas entre o Munic\u00edpio e o SESC relacionadas \u00e0 \u00e1rea atualmente ocupada pelos comerciantes.<\/p>\n\n\n\n<p class=\"wp-block-paragraph\">Para o vereador, a posterga\u00e7\u00e3o permite que uma eventual mudan\u00e7a seja discutida com mais planejamento e participa\u00e7\u00e3o dos trabalhadores.<\/p>\n\n\n\n<p class=\"wp-block-paragraph\">\u201cAntes de mudar a vida de quem trabalha ali, precisamos ouvir essas pessoas. Desenvolvimento precisa caminhar junto com responsabilidade e respeito ao trabalhador\u201d, concluiu.  <br \/>Siga-o nosso Instagram @portaledivaldomagalhaes<br \/>Fotos: Divulga\u00e7\u00e3o <\/p>\n","protected":false},"excerpt":{"rendered":"<p>Delegado Lessa defende di\u00e1logo com os comerciantes e alerta para os impactos de uma mudan\u00e7a durante o per\u00edodo de maior&hellip;<\/p>\n","protected":false},"author":1,"featured_media":132741,"comment_status":"closed","ping_status":"open","sticky":false,"template":"","format":"standard","meta":{"footnotes":""},"categories":[14122],"tags":[13146,994,36989],"class_list":["post-132740","post","type-post","status-publish","format-standard","has-post-thumbnail","hentry","category-politica","tag-blog-edvaldo-magalhaes","tag-delegado-lessa","tag-portal-edivaldo-magalhaes"],"_links":{"self":[{"href":"https:\/\/blogdoedvaldomagalhaes.com.br\/index.php\/wp-json\/wp\/v2\/posts\/132740","targetHints":{"allow":["GET"]}}],"collection":[{"href":"https:\/\/blogdoedvaldomagalhaes.com.br\/index.php\/wp-json\/wp\/v2\/posts"}],"about":[{"href":"https:\/\/blogdoedvaldomagalhaes.com.br\/index.php\/wp-json\/wp\/v2\/types\/post"}],"author":[{"embeddable":true,"href":"https:\/\/blogdoedvaldomagalhaes.com.br\/index.php\/wp-json\/wp\/v2\/users\/1"}],"replies":[{"embeddable":true,"href":"https:\/\/blogdoedvaldomagalhaes.com.br\/index.php\/wp-json\/wp\/v2\/comments?post=132740"}],"version-history":[{"count":3,"href":"https:\/\/blogdoedvaldomagalhaes.com.br\/index.php\/wp-json\/wp\/v2\/posts\/132740\/revisions"}],"predecessor-version":[{"id":132745,"href":"https:\/\/blogdoedvaldomagalhaes.com.br\/index.php\/wp-json\/wp\/v2\/posts\/132740\/revisions\/132745"}],"wp:featuredmedia":[{"embeddable":true,"href":"https:\/\/blogdoedvaldomagalhaes.com.br\/index.php\/wp-json\/wp\/v2\/media\/132741"}],"wp:attachment":[{"href":"https:\/\/blogdoedvaldomagalhaes.com.br\/index.php\/wp-json\/wp\/v2\/media?parent=132740"}],"wp:term":[{"taxonomy":"category","embeddable":true,"href":"https:\/\/blogdoedvaldomagalhaes.com.br\/index.php\/wp-json\/wp\/v2\/categories?post=132740"},{"taxonomy":"post_tag","embeddable":true,"href":"https:\/\/blogdoedvaldomagalhaes.com.br\/index.php\/wp-json\/wp\/v2\/tags?post=132740"}],"curies":[{"name":"wp","href":"https:\/\/api.w.org\/{rel}","templated":true}]}}