{"id":132738,"date":"2026-09-01T21:02:47","date_gmt":"2026-09-02T00:02:47","guid":{"rendered":"https:\/\/blogdoedvaldomagalhaes.com.br\/?p=132738"},"modified":"2026-09-01T23:32:14","modified_gmt":"2026-09-02T02:32:14","slug":"homem-e-morto-a-tiros-enquanto-pilotava-motocicleta-em-caruaru","status":"publish","type":"post","link":"https:\/\/blogdoedvaldomagalhaes.com.br\/index.php\/2026\/09\/01\/homem-e-morto-a-tiros-enquanto-pilotava-motocicleta-em-caruaru\/","title":{"rendered":"Homem \u00e9 morto a tiros enquanto pilotava motocicleta em Caruaru"},"content":{"rendered":"\n<p class=\"wp-block-paragraph\">Um homem foi morto, provavelmente a tiros, na noite desta segunda-feira (1\u00ba), enquanto pilotava uma motocicleta modelo XRE, nas proximidades de um supermercado, no bairro Cedro, em Caruaru, no Agreste de Pernambuco.<\/p>\n\n\n\n<figure class=\"wp-block-image size-large\"><img loading=\"lazy\" decoding=\"async\" width=\"967\" height=\"1024\" src=\"https:\/\/blogdoedvaldomagalhaes.com.br\/wp-content\/uploads\/2026\/09\/4203f946-42ea-4050-88f9-e6055cf6f0ba-967x1024.jpg\" alt=\"\" class=\"wp-image-132753\" srcset=\"https:\/\/blogdoedvaldomagalhaes.com.br\/wp-content\/uploads\/2026\/09\/4203f946-42ea-4050-88f9-e6055cf6f0ba-967x1024.jpg 967w, https:\/\/blogdoedvaldomagalhaes.com.br\/wp-content\/uploads\/2026\/09\/4203f946-42ea-4050-88f9-e6055cf6f0ba-283x300.jpg 283w, https:\/\/blogdoedvaldomagalhaes.com.br\/wp-content\/uploads\/2026\/09\/4203f946-42ea-4050-88f9-e6055cf6f0ba-768x814.jpg 768w, https:\/\/blogdoedvaldomagalhaes.com.br\/wp-content\/uploads\/2026\/09\/4203f946-42ea-4050-88f9-e6055cf6f0ba.jpg 1079w\" sizes=\"auto, (max-width: 967px) 100vw, 967px\" \/><\/figure>\n\n\n\n<p class=\"wp-block-paragraph\">De acordo com as primeiras informa\u00e7\u00f5es, a v\u00edtima Eduardo Vin\u00edcius Ferreira da Silva, 22 anos, teria sido atingida por disparos de arma de fogo enquanto trafegava pela localidade. Ap\u00f3s ser alvejado, o homem acabou perdendo o controle da motocicleta e caiu.<\/p>\n\n\n\n<figure class=\"wp-block-image size-large\"><img loading=\"lazy\" decoding=\"async\" width=\"861\" height=\"1024\" src=\"https:\/\/blogdoedvaldomagalhaes.com.br\/wp-content\/uploads\/2026\/09\/c6ac2f97-2ccb-4680-8ed8-b772b0a963e3-861x1024.jpg\" alt=\"\" class=\"wp-image-132754\" srcset=\"https:\/\/blogdoedvaldomagalhaes.com.br\/wp-content\/uploads\/2026\/09\/c6ac2f97-2ccb-4680-8ed8-b772b0a963e3-861x1024.jpg 861w, https:\/\/blogdoedvaldomagalhaes.com.br\/wp-content\/uploads\/2026\/09\/c6ac2f97-2ccb-4680-8ed8-b772b0a963e3-252x300.jpg 252w, https:\/\/blogdoedvaldomagalhaes.com.br\/wp-content\/uploads\/2026\/09\/c6ac2f97-2ccb-4680-8ed8-b772b0a963e3-768x913.jpg 768w, https:\/\/blogdoedvaldomagalhaes.com.br\/wp-content\/uploads\/2026\/09\/c6ac2f97-2ccb-4680-8ed8-b772b0a963e3.jpg 1080w\" sizes=\"auto, (max-width: 861px) 100vw, 861px\" \/><\/figure>\n\n\n\n<p class=\"wp-block-paragraph\">A ocorr\u00eancia ainda est\u00e1 em andamento. Equipes de seguran\u00e7a devem ser acionadas para realizar os primeiros levantamentos e iniciar as investiga\u00e7\u00f5es sobre a autoria e a motiva\u00e7\u00e3o do crime.<\/p>\n\n\n\n<p class=\"wp-block-paragraph\">\u26a0\ufe0f <strong>As informa\u00e7\u00f5es ainda s\u00e3o preliminares e podem ser atualizadas a qualquer momento.<\/strong><\/p>\n\n\n\n<p class=\"wp-block-paragraph\">\ud83d\udcf2 O <strong>Portal Edvaldo Magalh\u00e3es<\/strong> acompanha o caso e trar\u00e1 novas informa\u00e7\u00f5es assim que forem confirmadas. <br><\/p>\n\n\n\n<p class=\"wp-block-paragraph\">Foto: Portal Edivaldo Magalh\u00e3es <\/p>\n\n\n\n<p class=\"wp-block-paragraph\">#Caruaru #Cedro #Homic\u00eddio #Pol\u00edcia #AgresteDePernambuco #Pernambuco #Viol\u00eancia #PortalEdvaldoMagalh\u00e3es<\/p>\n","protected":false},"excerpt":{"rendered":"<p>Um homem foi morto, provavelmente a tiros, na noite desta segunda-feira (1\u00ba), enquanto pilotava uma motocicleta modelo XRE, nas proximidades&hellip;<\/p>\n","protected":false},"author":1,"featured_media":132746,"comment_status":"closed","ping_status":"open","sticky":false,"template":"","format":"standard","meta":{"footnotes":""},"categories":[14121],"tags":[13146,5448,36989],"class_list":["post-132738","post","type-post","status-publish","format-standard","has-post-thumbnail","hentry","category-policial","tag-blog-edvaldo-magalhaes","tag-homicidio","tag-portal-edivaldo-magalhaes"],"_links":{"self":[{"href":"https:\/\/blogdoedvaldomagalhaes.com.br\/index.php\/wp-json\/wp\/v2\/posts\/132738","targetHints":{"allow":["GET"]}}],"collection":[{"href":"https:\/\/blogdoedvaldomagalhaes.com.br\/index.php\/wp-json\/wp\/v2\/posts"}],"about":[{"href":"https:\/\/blogdoedvaldomagalhaes.com.br\/index.php\/wp-json\/wp\/v2\/types\/post"}],"author":[{"embeddable":true,"href":"https:\/\/blogdoedvaldomagalhaes.com.br\/index.php\/wp-json\/wp\/v2\/users\/1"}],"replies":[{"embeddable":true,"href":"https:\/\/blogdoedvaldomagalhaes.com.br\/index.php\/wp-json\/wp\/v2\/comments?post=132738"}],"version-history":[{"count":4,"href":"https:\/\/blogdoedvaldomagalhaes.com.br\/index.php\/wp-json\/wp\/v2\/posts\/132738\/revisions"}],"predecessor-version":[{"id":132757,"href":"https:\/\/blogdoedvaldomagalhaes.com.br\/index.php\/wp-json\/wp\/v2\/posts\/132738\/revisions\/132757"}],"wp:featuredmedia":[{"embeddable":true,"href":"https:\/\/blogdoedvaldomagalhaes.com.br\/index.php\/wp-json\/wp\/v2\/media\/132746"}],"wp:attachment":[{"href":"https:\/\/blogdoedvaldomagalhaes.com.br\/index.php\/wp-json\/wp\/v2\/media?parent=132738"}],"wp:term":[{"taxonomy":"category","embeddable":true,"href":"https:\/\/blogdoedvaldomagalhaes.com.br\/index.php\/wp-json\/wp\/v2\/categories?post=132738"},{"taxonomy":"post_tag","embeddable":true,"href":"https:\/\/blogdoedvaldomagalhaes.com.br\/index.php\/wp-json\/wp\/v2\/tags?post=132738"}],"curies":[{"name":"wp","href":"https:\/\/api.w.org\/{rel}","templated":true}]}}