{"id":132734,"date":"2026-09-01T20:01:35","date_gmt":"2026-09-01T23:01:35","guid":{"rendered":"https:\/\/blogdoedvaldomagalhaes.com.br\/?p=132734"},"modified":"2026-09-01T20:01:35","modified_gmt":"2026-09-01T23:01:35","slug":"gge-tem-19-aprovados-em-concurso-para-formacao-de-oficiais-da-forca-aerea","status":"publish","type":"post","link":"https:\/\/blogdoedvaldomagalhaes.com.br\/index.php\/2026\/09\/01\/gge-tem-19-aprovados-em-concurso-para-formacao-de-oficiais-da-forca-aerea\/","title":{"rendered":"GGE tem 19 aprovados em concurso para forma\u00e7\u00e3o de oficiais da For\u00e7a A\u00e9rea"},"content":{"rendered":"\n<p class=\"wp-block-paragraph\"><em>Col\u00e9gio amplia resultado em rela\u00e7\u00e3o ao ano anterior e lidera aprova\u00e7\u00e3o entre institui\u00e7\u00f5es de Pernambuco que preparam alunos para carreiras militares<\/em><\/p>\n\n\n\n<p class=\"wp-block-paragraph\">O Col\u00e9gio GGE teve 19 alunos aprovados na prova escrita do Concurso da Academia da For\u00e7a A\u00e9rea (AFA) 2026, mais que o dobro do resultado registrado no ano anterior, quando nove estudantes foram classificados. Eles seguem agora para as pr\u00f3ximas etapas do processo seletivo. Segundo a coordena\u00e7\u00e3o do col\u00e9gio, o resultado coloca a institui\u00e7\u00e3o em primeiro lugar entre as escolas de Pernambuco que preparam candidatos para carreiras militares.<\/p>\n\n\n\n<p class=\"wp-block-paragraph\">Conhecida como Ninho das \u00c1guias, a AFA fica em Pirassununga, no interior de S\u00e3o Paulo, e forma oficiais de carreira da Aeron\u00e1utica. Nesta edi\u00e7\u00e3o do concurso, s\u00e3o oferecidas 55 vagas, distribu\u00eddas entre os cursos de Infantaria, Avia\u00e7\u00e3o e Intend\u00eancia. Ap\u00f3s a prova escrita, os candidatos classificados passam por inspe\u00e7\u00e3o de sa\u00fade, exame de aptid\u00e3o psicol\u00f3gica, teste de condicionamento f\u00edsico e valida\u00e7\u00e3o documental, at\u00e9 a defini\u00e7\u00e3o dos aprovados para ocupar as vagas.<\/p>\n\n\n\n<p class=\"wp-block-paragraph\">Para Vailson Santos, coordenador da Turma Especial ITA\/IME do GGE, o desempenho deste ano est\u00e1 relacionado a uma mudan\u00e7a na estrutura da prepara\u00e7\u00e3o. Em 2026, os alunos foram divididos em dois grupos: um formado por candidatos que prestam o concurso pela primeira vez e outro por veteranos, que j\u00e1 haviam tentado a aprova\u00e7\u00e3o em anos anteriores. &#8220;Essa nova metodologia, alinhada a um acompanhamento mais pr\u00f3ximo de cada aluno, ajudou a elevar esse n\u00famero&#8221;, diz.<\/p>\n\n\n\n<p class=\"wp-block-paragraph\">Cerca de 65 alunos do col\u00e9gio prestaram a prova neste ano. Com 19 aprovados, a institui\u00e7\u00e3o alcan\u00e7ou uma taxa de classifica\u00e7\u00e3o de quase 30% na primeira etapa. Entre eles, est\u00e3o estudantes do segundo e do terceiro ano do ensino m\u00e9dio.<br>Prepara\u00e7\u00e3o que vai al\u00e9m da AFA<\/p>\n\n\n\n<p class=\"wp-block-paragraph\">O resultado tamb\u00e9m mostra como a prepara\u00e7\u00e3o oferecida pelo col\u00e9gio pode beneficiar estudantes que t\u00eam outros objetivos acad\u00eamicos. Heitor Montenegro Chalegre, de 17 anos, tem o ITA (Instituto Tecnol\u00f3gico de Aeron\u00e1utica) como objetivo. O estudante gabaritou a prova de F\u00edsica da AFA e alcan\u00e7ou a 47\u00aa coloca\u00e7\u00e3o nacional. &#8220;Pensei na alta concorr\u00eancia e na oportunidade de me testar. Mesmo a prova tendo um estilo mais din\u00e2mico, \u00e9 sempre bom treinar coisas como velocidade e estrat\u00e9gia. O resultado me deixou feliz porque \u00e9 um sinal de que minha velocidade, estrat\u00e9gia e aten\u00e7\u00e3o est\u00e3o em dia&#8221;, explica.<\/p>\n\n\n\n<p class=\"wp-block-paragraph\">Natural de Pombos, na Zona da Mata Sul de Pernambuco, Heitor decidiu se mudar para o Recife para intensificar a prepara\u00e7\u00e3o para o ITA. At\u00e9 o ano passado, ele fazia diariamente o trajeto at\u00e9 a capital, rotina que, segundo o estudante, acabava afetando seu rendimento. &#8220;Isso me cansava bastante e prejudicava meu desempenho nas provas. Agora a rotina tem sido totalmente nova pra mim, porque viver em uma cidade grande exige muita responsabilidade, mas conviver com pessoas com objetivos parecidos me fez querer me esfor\u00e7ar mais&#8221;, revela.<\/p>\n\n\n\n<p class=\"wp-block-paragraph\">A dedica\u00e7\u00e3o do estudante tamb\u00e9m chamou a aten\u00e7\u00e3o da coordena\u00e7\u00e3o do GGE. \u201cQuando o aluno tem um objetivo bem definido, ele faz de tudo para chegar l\u00e1. Esse \u00e9 o caso de Heitor: ele abdicou do dia a dia da fam\u00edlia e do conforto de casa em busca do sonho dele. E a gente fica muito orgulhoso de acompanhar de perto isso\u201d, avalia Vailson Santos.<\/p>\n\n\n\n<p class=\"wp-block-paragraph\">Felipe Ribeiro, tamb\u00e9m aluno da Turma ITA\/IME, ficou em primeiro lugar em Pernambuco e em 16\u00ba no ranking nacional da AFA. Apesar do desempenho, ele n\u00e3o pretende ingressar na Academia da For\u00e7a A\u00e9rea e fez a prova como prepara\u00e7\u00e3o para o vestibular do ITA. Segundo ele, vestibulares militares funcionam como um term\u00f4metro pra quem mira o ITA ou o IME, j\u00e1 que cobram mat\u00e9rias parecidas e t\u00eam um n\u00edvel de dificuldade mais pr\u00f3ximo desses vestibulares do que provas fora do meio militar. &#8220;Esse resultado me mostra que todo meu esfor\u00e7o estudando para o ITA est\u00e1 me dando retorno. Al\u00e9m disso, as pessoas que v\u00e3o fazer a prova do ITA geralmente fazem a AFA, ent\u00e3o mostra que consigo competir com os melhores alunos Brasil afora&#8221;, avalia.<\/p>\n\n\n\n<p class=\"wp-block-paragraph\">Texto: Lorena Andrade. <br>Foto: Divulga\u00e7\u00e3o\/GGE. <br>Siga o nosso Instagram @portaledivaldomagalhaes<\/p>\n\n\n\n<p class=\"wp-block-paragraph\"><\/p>\n","protected":false},"excerpt":{"rendered":"<p>Col\u00e9gio amplia resultado em rela\u00e7\u00e3o ao ano anterior e lidera aprova\u00e7\u00e3o entre institui\u00e7\u00f5es de Pernambuco que preparam alunos para carreiras&hellip;<\/p>\n","protected":false},"author":1,"featured_media":132735,"comment_status":"closed","ping_status":"open","sticky":false,"template":"","format":"standard","meta":{"footnotes":""},"categories":[14120],"tags":[13146,22933,36989],"class_list":["post-132734","post","type-post","status-publish","format-standard","has-post-thumbnail","hentry","category-noticias","tag-blog-edvaldo-magalhaes","tag-gge","tag-portal-edivaldo-magalhaes"],"_links":{"self":[{"href":"https:\/\/blogdoedvaldomagalhaes.com.br\/index.php\/wp-json\/wp\/v2\/posts\/132734","targetHints":{"allow":["GET"]}}],"collection":[{"href":"https:\/\/blogdoedvaldomagalhaes.com.br\/index.php\/wp-json\/wp\/v2\/posts"}],"about":[{"href":"https:\/\/blogdoedvaldomagalhaes.com.br\/index.php\/wp-json\/wp\/v2\/types\/post"}],"author":[{"embeddable":true,"href":"https:\/\/blogdoedvaldomagalhaes.com.br\/index.php\/wp-json\/wp\/v2\/users\/1"}],"replies":[{"embeddable":true,"href":"https:\/\/blogdoedvaldomagalhaes.com.br\/index.php\/wp-json\/wp\/v2\/comments?post=132734"}],"version-history":[{"count":1,"href":"https:\/\/blogdoedvaldomagalhaes.com.br\/index.php\/wp-json\/wp\/v2\/posts\/132734\/revisions"}],"predecessor-version":[{"id":132736,"href":"https:\/\/blogdoedvaldomagalhaes.com.br\/index.php\/wp-json\/wp\/v2\/posts\/132734\/revisions\/132736"}],"wp:featuredmedia":[{"embeddable":true,"href":"https:\/\/blogdoedvaldomagalhaes.com.br\/index.php\/wp-json\/wp\/v2\/media\/132735"}],"wp:attachment":[{"href":"https:\/\/blogdoedvaldomagalhaes.com.br\/index.php\/wp-json\/wp\/v2\/media?parent=132734"}],"wp:term":[{"taxonomy":"category","embeddable":true,"href":"https:\/\/blogdoedvaldomagalhaes.com.br\/index.php\/wp-json\/wp\/v2\/categories?post=132734"},{"taxonomy":"post_tag","embeddable":true,"href":"https:\/\/blogdoedvaldomagalhaes.com.br\/index.php\/wp-json\/wp\/v2\/tags?post=132734"}],"curies":[{"name":"wp","href":"https:\/\/api.w.org\/{rel}","templated":true}]}}