{"id":132731,"date":"2026-09-01T19:53:59","date_gmt":"2026-09-01T22:53:59","guid":{"rendered":"https:\/\/blogdoedvaldomagalhaes.com.br\/?p=132731"},"modified":"2026-09-01T19:53:59","modified_gmt":"2026-09-01T22:53:59","slug":"jorge-quintino-une-situacao-e-oposicao-em-voto-de-repudio-a-ataques-contra-raquel-lyra","status":"publish","type":"post","link":"https:\/\/blogdoedvaldomagalhaes.com.br\/index.php\/2026\/09\/01\/jorge-quintino-une-situacao-e-oposicao-em-voto-de-repudio-a-ataques-contra-raquel-lyra\/","title":{"rendered":"Jorge Quintino une situa\u00e7\u00e3o e oposi\u00e7\u00e3o em voto de rep\u00fadio a ataques contra Raquel Lyra"},"content":{"rendered":"\n<p class=\"wp-block-paragraph\"><em>Orienta\u00e7\u00e3o tamb\u00e9m refor\u00e7a proposta contra ataques pessoais na pol\u00edtica<\/em><\/p>\n\n\n\n<p class=\"wp-block-paragraph\">O vereador Professor Jorge Quintino (PODE) apresentou, nesta ter\u00e7a (1\u00ba), durante a sess\u00e3o da C\u00e2mara Municipal de Caruaru, um pedido de Voto de Rep\u00fadio \u00e0 veicula\u00e7\u00e3o de cartazes com ataques pessoais e conte\u00fado ofensivo contra a governadora de Pernambuco, Raquel Lyra (PSD).<\/p>\n\n\n\n<p class=\"wp-block-paragraph\">O requerimento foi protocolado pelo parlamentar na noite da \u00faltima segunda (31), ap\u00f3s a repercuss\u00e3o do caso.<\/p>\n\n\n\n<p class=\"wp-block-paragraph\">Na justificativa, o vereador destacou que a cr\u00edtica e a diverg\u00eancia fazem parte do processo democr\u00e1tico. No entanto, n\u00e3o deve ultrapassar os limites do respeito \u00e0 dignidade, \u00e0 honra e \u00e0 vida privada.<\/p>\n\n\n\n<p class=\"wp-block-paragraph\"><em>\u201cA pol\u00edtica \u00e9 essencial \u00e0 democracia, mas n\u00e3o pode prescindir de limites \u00e9ticos m\u00ednimos. Diverg\u00eancias fazem parte da vida p\u00fablica; a desumaniza\u00e7\u00e3o de quem pensa diferente, n\u00e3o\u201d,<\/em> afirmou Jorge Quintino.<\/p>\n\n\n\n<p class=\"wp-block-paragraph\">O pedido foi assinado pelos 23 vereadores, incluindo parlamentares da oposi\u00e7\u00e3o \u00e0 gest\u00e3o da governadora.  <br>Siga o nosso Instagram @portaledivaldomagalhaes<br>Foto: Divulga\u00e7\u00e3o <\/p>\n","protected":false},"excerpt":{"rendered":"<p>Orienta\u00e7\u00e3o tamb\u00e9m refor\u00e7a proposta contra ataques pessoais na pol\u00edtica O vereador Professor Jorge Quintino (PODE) apresentou, nesta ter\u00e7a (1\u00ba), durante&hellip;<\/p>\n","protected":false},"author":1,"featured_media":132732,"comment_status":"closed","ping_status":"open","sticky":false,"template":"","format":"standard","meta":{"footnotes":""},"categories":[14122],"tags":[13146,20,36989],"class_list":["post-132731","post","type-post","status-publish","format-standard","has-post-thumbnail","hentry","category-politica","tag-blog-edvaldo-magalhaes","tag-politica","tag-portal-edivaldo-magalhaes"],"_links":{"self":[{"href":"https:\/\/blogdoedvaldomagalhaes.com.br\/index.php\/wp-json\/wp\/v2\/posts\/132731","targetHints":{"allow":["GET"]}}],"collection":[{"href":"https:\/\/blogdoedvaldomagalhaes.com.br\/index.php\/wp-json\/wp\/v2\/posts"}],"about":[{"href":"https:\/\/blogdoedvaldomagalhaes.com.br\/index.php\/wp-json\/wp\/v2\/types\/post"}],"author":[{"embeddable":true,"href":"https:\/\/blogdoedvaldomagalhaes.com.br\/index.php\/wp-json\/wp\/v2\/users\/1"}],"replies":[{"embeddable":true,"href":"https:\/\/blogdoedvaldomagalhaes.com.br\/index.php\/wp-json\/wp\/v2\/comments?post=132731"}],"version-history":[{"count":1,"href":"https:\/\/blogdoedvaldomagalhaes.com.br\/index.php\/wp-json\/wp\/v2\/posts\/132731\/revisions"}],"predecessor-version":[{"id":132733,"href":"https:\/\/blogdoedvaldomagalhaes.com.br\/index.php\/wp-json\/wp\/v2\/posts\/132731\/revisions\/132733"}],"wp:featuredmedia":[{"embeddable":true,"href":"https:\/\/blogdoedvaldomagalhaes.com.br\/index.php\/wp-json\/wp\/v2\/media\/132732"}],"wp:attachment":[{"href":"https:\/\/blogdoedvaldomagalhaes.com.br\/index.php\/wp-json\/wp\/v2\/media?parent=132731"}],"wp:term":[{"taxonomy":"category","embeddable":true,"href":"https:\/\/blogdoedvaldomagalhaes.com.br\/index.php\/wp-json\/wp\/v2\/categories?post=132731"},{"taxonomy":"post_tag","embeddable":true,"href":"https:\/\/blogdoedvaldomagalhaes.com.br\/index.php\/wp-json\/wp\/v2\/tags?post=132731"}],"curies":[{"name":"wp","href":"https:\/\/api.w.org\/{rel}","templated":true}]}}