{"id":132729,"date":"2026-09-01T19:43:39","date_gmt":"2026-09-01T22:43:39","guid":{"rendered":"https:\/\/blogdoedvaldomagalhaes.com.br\/?p=132729"},"modified":"2026-09-01T19:43:39","modified_gmt":"2026-09-01T22:43:39","slug":"caruaru-realiza-evento-de-adocao-de-caes-e-gatos-no-marco-zero","status":"publish","type":"post","link":"https:\/\/blogdoedvaldomagalhaes.com.br\/index.php\/2026\/09\/01\/caruaru-realiza-evento-de-adocao-de-caes-e-gatos-no-marco-zero\/","title":{"rendered":"Caruaru realiza evento de ado\u00e7\u00e3o de c\u00e3es e gatos no Marco Zero"},"content":{"rendered":"\n<p class=\"wp-block-paragraph\">A Secretaria de Sustentabilidade e Bem-Estar Animal (SSB), realiza, nos dias 2 e 3 de setembro, mais uma edi\u00e7\u00e3o do projeto Meu Amig\u00e3o. A a\u00e7\u00e3o acontece no Marco Zero, das 9h \u00e0s 14h, oferecendo \u00e0 popula\u00e7\u00e3o a oportunidade de conhecer c\u00e3es e gatos resgatados que est\u00e3o prontos para ganhar uma nova fam\u00edlia.<\/p>\n\n\n\n<p class=\"wp-block-paragraph\">Al\u00e9m de estimular a ado\u00e7\u00e3o respons\u00e1vel, a iniciativa contribui para a promo\u00e7\u00e3o da sa\u00fade e do bem-estar dos animais e para o enfrentamento do abandono. Os pets adotados durante a a\u00e7\u00e3o ter\u00e3o a castra\u00e7\u00e3o garantida pela Prefeitura de Caruaru, fortalecendo tamb\u00e9m as a\u00e7\u00f5es de controle populacional.<\/p>\n\n\n\n<p class=\"wp-block-paragraph\">Para adotar, \u00e9 necess\u00e1rio ter 18 anos ou mais e apresentar documento oficial com foto, CPF e comprovante de resid\u00eancia atualizado. Os interessados passar\u00e3o por uma conversa com a equipe t\u00e9cnica e, ap\u00f3s a aprova\u00e7\u00e3o, assinar\u00e3o o termo de ado\u00e7\u00e3o respons\u00e1vel, assumindo o compromisso de garantir os cuidados, a seguran\u00e7a e o bem-estar do novo integrante da fam\u00edlia.  <br>Siga o nosso Instagram @portaledivaldomagalhaes. <br>Foto: Divulga\u00e7\u00e3o <\/p>\n","protected":false},"excerpt":{"rendered":"<p>A Secretaria de Sustentabilidade e Bem-Estar Animal (SSB), realiza, nos dias 2 e 3 de setembro, mais uma edi\u00e7\u00e3o do&hellip;<\/p>\n","protected":false},"author":1,"featured_media":23419,"comment_status":"closed","ping_status":"open","sticky":false,"template":"","format":"standard","meta":{"footnotes":""},"categories":[14120],"tags":[13146,37306,36989],"class_list":["post-132729","post","type-post","status-publish","format-standard","has-post-thumbnail","hentry","category-noticias","tag-blog-edvaldo-magalhaes","tag-caruaru-realiza-evento-de-adocao-de-caes-e-gatos-no-marco-zero","tag-portal-edivaldo-magalhaes"],"_links":{"self":[{"href":"https:\/\/blogdoedvaldomagalhaes.com.br\/index.php\/wp-json\/wp\/v2\/posts\/132729","targetHints":{"allow":["GET"]}}],"collection":[{"href":"https:\/\/blogdoedvaldomagalhaes.com.br\/index.php\/wp-json\/wp\/v2\/posts"}],"about":[{"href":"https:\/\/blogdoedvaldomagalhaes.com.br\/index.php\/wp-json\/wp\/v2\/types\/post"}],"author":[{"embeddable":true,"href":"https:\/\/blogdoedvaldomagalhaes.com.br\/index.php\/wp-json\/wp\/v2\/users\/1"}],"replies":[{"embeddable":true,"href":"https:\/\/blogdoedvaldomagalhaes.com.br\/index.php\/wp-json\/wp\/v2\/comments?post=132729"}],"version-history":[{"count":1,"href":"https:\/\/blogdoedvaldomagalhaes.com.br\/index.php\/wp-json\/wp\/v2\/posts\/132729\/revisions"}],"predecessor-version":[{"id":132730,"href":"https:\/\/blogdoedvaldomagalhaes.com.br\/index.php\/wp-json\/wp\/v2\/posts\/132729\/revisions\/132730"}],"wp:featuredmedia":[{"embeddable":true,"href":"https:\/\/blogdoedvaldomagalhaes.com.br\/index.php\/wp-json\/wp\/v2\/media\/23419"}],"wp:attachment":[{"href":"https:\/\/blogdoedvaldomagalhaes.com.br\/index.php\/wp-json\/wp\/v2\/media?parent=132729"}],"wp:term":[{"taxonomy":"category","embeddable":true,"href":"https:\/\/blogdoedvaldomagalhaes.com.br\/index.php\/wp-json\/wp\/v2\/categories?post=132729"},{"taxonomy":"post_tag","embeddable":true,"href":"https:\/\/blogdoedvaldomagalhaes.com.br\/index.php\/wp-json\/wp\/v2\/tags?post=132729"}],"curies":[{"name":"wp","href":"https:\/\/api.w.org\/{rel}","templated":true}]}}