{"id":132724,"date":"2026-09-01T17:30:47","date_gmt":"2026-09-01T20:30:47","guid":{"rendered":"https:\/\/blogdoedvaldomagalhaes.com.br\/?p=132724"},"modified":"2026-09-01T17:33:53","modified_gmt":"2026-09-01T20:33:53","slug":"confira-a-programacao-nos-tres-polos-do-caruaru-motofest","status":"publish","type":"post","link":"https:\/\/blogdoedvaldomagalhaes.com.br\/index.php\/2026\/09\/01\/confira-a-programacao-nos-tres-polos-do-caruaru-motofest\/","title":{"rendered":"Confira a programa\u00e7\u00e3o nos tr\u00eas polos do Caruaru MotoFest"},"content":{"rendered":"\n<p class=\"wp-block-paragraph\">Caruaru se prepara para receber, entre os dias 17 e 20 de setembro, o Caruaru Motofest 2026, evento que re\u00fane m\u00fasica, cultura e a paix\u00e3o pelo motociclismo em uma programa\u00e7\u00e3o distribu\u00edda por diferentes espa\u00e7os da cidade. Realizado pela Prefeitura de Caruaru, por meio da Funda\u00e7\u00e3o de Cultura, em parceria com o Movimento Motocicl\u00edstico de Caruaru (MMC), o evento ter\u00e1 atividades em tr\u00eas polos: P\u00e1tio de Eventos, Casa Rosa e Esta\u00e7\u00e3o Ferrovi\u00e1ria.<\/p>\n\n\n\n<p class=\"wp-block-paragraph\">A programa\u00e7\u00e3o musical tem o rock como principal destaque, com shows de Biquini e Camisa de V\u00eanus. O p\u00fablico tamb\u00e9m poder\u00e1 conferir tributos a Engenheiros do Hawaii e Legi\u00e3o Urbana, entre outras atra\u00e7\u00f5es, al\u00e9m de momentos pensados especialmente para quem acompanha o universo das duas rodas.<\/p>\n\n\n\n<p class=\"wp-block-paragraph\">Entre os destaques, est\u00e3o ainda as apresenta\u00e7\u00f5es de uma equipe de manobras, que promete levar adrenalina e habilidade sobre duas rodas. No polo Casa Rosa, o p\u00fablico tamb\u00e9m poder\u00e1 aproveitar uma programa\u00e7\u00e3o especial nos dias 19 e 20, que inclui a Feira do Vinil, reunindo colecionadores e amantes dos discos em um espa\u00e7o dedicado \u00e0 m\u00fasica e \u00e0 cultura.<\/p>\n\n\n\n<p class=\"wp-block-paragraph\">Confira a programa\u00e7\u00e3o completa dos tr\u00eas polos no Instagram oficial da Prefeitura de Caruaru. P\u00e1tio de Eventos Luiz Gonzaga<\/p>\n\n\n\n<ul class=\"wp-block-list\">\n<li><strong>Quinta-feira (17\/09 &#8211; a partir das 19h):<\/strong>\u00a0Equipe de Manobras 081, Vis\u00e3o Noturna, BeboBlues Band e Sombra dos Anjos.<\/li>\n\n\n\n<li><strong>Sexta-feira (18\/09 &#8211; a partir das 19h):<\/strong>\u00a0Stage Fire, Nanny Mello, Alkimenia e Camisa de V\u00eanus.<\/li>\n\n\n\n<li><strong>S\u00e1bado (19\/09 &#8211; a partir das 19h):<\/strong>\u00a0Virgin Killer, Catarina Rosa e a banda nacional\u00a0<strong>Biqu\u00edni<\/strong>.\u00a0[<a href=\"https:\/\/www.instagram.com\/p\/DctPXeoMGtb\/\">1<\/a>]<\/li>\n<\/ul>\n\n\n\n<p class=\"wp-block-paragraph\">Esta\u00e7\u00e3o Ferrovi\u00e1ria<\/p>\n\n\n\n<ul class=\"wp-block-list\">\n<li><strong>Sexta-feira (18\/09):<\/strong>\u00a0Apresenta\u00e7\u00e3o da Banda Crush.<\/li>\n\n\n\n<li>O polo tamb\u00e9m recebe atra\u00e7\u00f5es complementares ao longo do evento.\u00a0[<a href=\"https:\/\/g1.globo.com\/pe\/caruaru-regiao\/noticia\/2026\/09\/01\/caruaru-motofest-2026-tem-biquini-nany-mello-alkimenia-e-mais-confira-a-programacao-completa.ghtml\">1<\/a>]<\/li>\n<\/ul>\n\n\n\n<p class=\"wp-block-paragraph\">Mercado Cultural Casa Rosa<\/p>\n\n\n\n<p class=\"wp-block-paragraph\"><strong>Domingo (20\/09):<\/strong>\u00a0Shows de encerramento com as bandas\u00a0<strong>Boreal<\/strong>\u00a0e\u00a0<strong>Old Pack<\/strong><\/p>\n\n\n\n<p class=\"wp-block-paragraph\"><strong>S\u00e1bado (19\/09) e Domingo (20\/09):<\/strong>\u00a0Abriga a tradicional\u00a0<strong>Feira do Vinil<\/strong>, reunindo colecionadores e discos raros.<\/p>\n\n\n\n<p class=\"wp-block-paragraph\">Siga o nosso Instagram @portaledivaldomagalhaes. <br>Foto: Divulga\u00e7\u00e3o\/Secom\/PMC<\/p>\n\n\n\n<p class=\"wp-block-paragraph\"><\/p>\n","protected":false},"excerpt":{"rendered":"<p>Caruaru se prepara para receber, entre os dias 17 e 20 de setembro, o Caruaru Motofest 2026, evento que re\u00fane&hellip;<\/p>\n","protected":false},"author":1,"featured_media":132725,"comment_status":"closed","ping_status":"open","sticky":false,"template":"","format":"standard","meta":{"footnotes":""},"categories":[14120],"tags":[13146,37305,36989],"class_list":["post-132724","post","type-post","status-publish","format-standard","has-post-thumbnail","hentry","category-noticias","tag-blog-edvaldo-magalhaes","tag-caruaru-motofest","tag-portal-edivaldo-magalhaes"],"_links":{"self":[{"href":"https:\/\/blogdoedvaldomagalhaes.com.br\/index.php\/wp-json\/wp\/v2\/posts\/132724","targetHints":{"allow":["GET"]}}],"collection":[{"href":"https:\/\/blogdoedvaldomagalhaes.com.br\/index.php\/wp-json\/wp\/v2\/posts"}],"about":[{"href":"https:\/\/blogdoedvaldomagalhaes.com.br\/index.php\/wp-json\/wp\/v2\/types\/post"}],"author":[{"embeddable":true,"href":"https:\/\/blogdoedvaldomagalhaes.com.br\/index.php\/wp-json\/wp\/v2\/users\/1"}],"replies":[{"embeddable":true,"href":"https:\/\/blogdoedvaldomagalhaes.com.br\/index.php\/wp-json\/wp\/v2\/comments?post=132724"}],"version-history":[{"count":3,"href":"https:\/\/blogdoedvaldomagalhaes.com.br\/index.php\/wp-json\/wp\/v2\/posts\/132724\/revisions"}],"predecessor-version":[{"id":132728,"href":"https:\/\/blogdoedvaldomagalhaes.com.br\/index.php\/wp-json\/wp\/v2\/posts\/132724\/revisions\/132728"}],"wp:featuredmedia":[{"embeddable":true,"href":"https:\/\/blogdoedvaldomagalhaes.com.br\/index.php\/wp-json\/wp\/v2\/media\/132725"}],"wp:attachment":[{"href":"https:\/\/blogdoedvaldomagalhaes.com.br\/index.php\/wp-json\/wp\/v2\/media?parent=132724"}],"wp:term":[{"taxonomy":"category","embeddable":true,"href":"https:\/\/blogdoedvaldomagalhaes.com.br\/index.php\/wp-json\/wp\/v2\/categories?post=132724"},{"taxonomy":"post_tag","embeddable":true,"href":"https:\/\/blogdoedvaldomagalhaes.com.br\/index.php\/wp-json\/wp\/v2\/tags?post=132724"}],"curies":[{"name":"wp","href":"https:\/\/api.w.org\/{rel}","templated":true}]}}