{"id":132715,"date":"2026-08-31T19:07:12","date_gmt":"2026-08-31T22:07:12","guid":{"rendered":"https:\/\/blogdoedvaldomagalhaes.com.br\/?p=132715"},"modified":"2026-08-31T19:07:12","modified_gmt":"2026-08-31T22:07:12","slug":"botao-do-panico-integra-o-aplicativo-minha-caruaru-e-grupo-elos-sera-desenvolvido-com-grupo-reflexivo-em-caruaru","status":"publish","type":"post","link":"https:\/\/blogdoedvaldomagalhaes.com.br\/index.php\/2026\/08\/31\/botao-do-panico-integra-o-aplicativo-minha-caruaru-e-grupo-elos-sera-desenvolvido-com-grupo-reflexivo-em-caruaru\/","title":{"rendered":"Bot\u00e3o do P\u00e2nico integra o aplicativo Minha Caruaru e Grupo Elos ser\u00e1 desenvolvido com grupo reflexivo em Caruaru"},"content":{"rendered":"\n<p class=\"wp-block-paragraph\"><em>Prefeitura de Caruaru avan\u00e7a na prote\u00e7\u00e3o \u00e0s mulheres com lan\u00e7amento do Bot\u00e3o do P\u00e2nico e Grupo Elos<\/em><\/p>\n\n\n\n<p class=\"wp-block-paragraph\">A Prefeitura de Caruaru, por meio da Secretaria da Mulher, em parceria com o Minist\u00e9rio P\u00fablico de Pernambuco (MPPE), lan\u00e7ou, nesta segunda-feira (31), o Bot\u00e3o do P\u00e2nico no aplicativo Minha Caruaru e assinou o Termo de Coopera\u00e7\u00e3o do Grupo Elos.<\/p>\n\n\n\n<p class=\"wp-block-paragraph\">O Bot\u00e3o do P\u00e2nico passa a integrar o aplicativo Minha Caruaru como uma ferramenta de prote\u00e7\u00e3o destinada exclusivamente \u00e0s usu\u00e1rias mulheres. Em situa\u00e7\u00f5es de risco, o acionamento do bot\u00e3o direciona a ocorr\u00eancia para a Cabine Lil\u00e1s, servi\u00e7o especializado que conta com profissionais capacitadas para o atendimento de casos de viol\u00eancia contra a mulher. A ferramenta facilita o acesso ao atendimento e aos mecanismos de prote\u00e7\u00e3o em situa\u00e7\u00f5es de emerg\u00eancia.<\/p>\n\n\n\n<p class=\"wp-block-paragraph\">J\u00e1 o Grupo Elos ser\u00e1 desenvolvido como um grupo reflexivo para homens autores de viol\u00eancia contra as mulheres, com encontros realizados na sede do Minist\u00e9rio P\u00fablico. As atividades ser\u00e3o conduzidas em parceria com profissionais das Secretarias da Mulher, Assist\u00eancia Social e Sa\u00fade, que passaram por forma\u00e7\u00e3o espec\u00edfica. Os encontros ser\u00e3o voltados \u00e0 reflex\u00e3o sobre comportamentos, rela\u00e7\u00f5es de poder, responsabiliza\u00e7\u00e3o pelos atos praticados e constru\u00e7\u00e3o de rela\u00e7\u00f5es baseadas no respeito e na n\u00e3o viol\u00eancia.<\/p>\n\n\n\n<p class=\"wp-block-paragraph\">\u201cEsse conv\u00eanio n\u00e3o \u00e9 s\u00f3 uma a\u00e7\u00e3o burocr\u00e1tica, \u00e9 um compromisso. A gente vem fazendo um trabalho que \u00e9 refer\u00eancia nacional, com uma rede de enfrentamento \u00e0 viol\u00eancia robusta, investimentos em estrutura e profissionais. \u00c9 mais um compromisso da Prefeitura de Caruaru e n\u00e3o tenho d\u00favida de que ser\u00e1 mais um exemplo que vai gerar resultado\u201d, destacou o prefeito Rodrigo Pinheiro.  <br>Siga o nosso Instagram @portaledivaldomagalhaes<br>Foto: Elvis \u00c9dson <\/p>\n","protected":false},"excerpt":{"rendered":"<p>Prefeitura de Caruaru avan\u00e7a na prote\u00e7\u00e3o \u00e0s mulheres com lan\u00e7amento do Bot\u00e3o do P\u00e2nico e Grupo Elos A Prefeitura de&hellip;<\/p>\n","protected":false},"author":1,"featured_media":132716,"comment_status":"closed","ping_status":"open","sticky":false,"template":"","format":"standard","meta":{"footnotes":""},"categories":[14120],"tags":[37098,27410,13146,37302,37303,37304,36989],"class_list":["post-132715","post","type-post","status-publish","format-standard","has-post-thumbnail","hentry","category-noticias","tag-aplicativo-minha-caruaru","tag-blog-de-caruaru","tag-blog-edvaldo-magalhaes","tag-botao-do-panico","tag-grupo-elos","tag-grupo-reflexivo","tag-portal-edivaldo-magalhaes"],"_links":{"self":[{"href":"https:\/\/blogdoedvaldomagalhaes.com.br\/index.php\/wp-json\/wp\/v2\/posts\/132715","targetHints":{"allow":["GET"]}}],"collection":[{"href":"https:\/\/blogdoedvaldomagalhaes.com.br\/index.php\/wp-json\/wp\/v2\/posts"}],"about":[{"href":"https:\/\/blogdoedvaldomagalhaes.com.br\/index.php\/wp-json\/wp\/v2\/types\/post"}],"author":[{"embeddable":true,"href":"https:\/\/blogdoedvaldomagalhaes.com.br\/index.php\/wp-json\/wp\/v2\/users\/1"}],"replies":[{"embeddable":true,"href":"https:\/\/blogdoedvaldomagalhaes.com.br\/index.php\/wp-json\/wp\/v2\/comments?post=132715"}],"version-history":[{"count":1,"href":"https:\/\/blogdoedvaldomagalhaes.com.br\/index.php\/wp-json\/wp\/v2\/posts\/132715\/revisions"}],"predecessor-version":[{"id":132717,"href":"https:\/\/blogdoedvaldomagalhaes.com.br\/index.php\/wp-json\/wp\/v2\/posts\/132715\/revisions\/132717"}],"wp:featuredmedia":[{"embeddable":true,"href":"https:\/\/blogdoedvaldomagalhaes.com.br\/index.php\/wp-json\/wp\/v2\/media\/132716"}],"wp:attachment":[{"href":"https:\/\/blogdoedvaldomagalhaes.com.br\/index.php\/wp-json\/wp\/v2\/media?parent=132715"}],"wp:term":[{"taxonomy":"category","embeddable":true,"href":"https:\/\/blogdoedvaldomagalhaes.com.br\/index.php\/wp-json\/wp\/v2\/categories?post=132715"},{"taxonomy":"post_tag","embeddable":true,"href":"https:\/\/blogdoedvaldomagalhaes.com.br\/index.php\/wp-json\/wp\/v2\/tags?post=132715"}],"curies":[{"name":"wp","href":"https:\/\/api.w.org\/{rel}","templated":true}]}}