{"id":132712,"date":"2026-08-31T18:18:20","date_gmt":"2026-08-31T21:18:20","guid":{"rendered":"https:\/\/blogdoedvaldomagalhaes.com.br\/?p=132712"},"modified":"2026-08-31T18:18:20","modified_gmt":"2026-08-31T21:18:20","slug":"prefeito-rodrigo-pinheiro-entrega-novo-nucleo-de-atencao-integral-para-criancas-e-adolescentes-com-tea-e-outras-neurodivergencias","status":"publish","type":"post","link":"https:\/\/blogdoedvaldomagalhaes.com.br\/index.php\/2026\/08\/31\/prefeito-rodrigo-pinheiro-entrega-novo-nucleo-de-atencao-integral-para-criancas-e-adolescentes-com-tea-e-outras-neurodivergencias\/","title":{"rendered":"Prefeito Rodrigo Pinheiro entrega novo N\u00facleo de Aten\u00e7\u00e3o Integral para crian\u00e7as e adolescentes com TEA e outras neurodiverg\u00eancias"},"content":{"rendered":"\n<p class=\"wp-block-paragraph\">O prefeito Rodrigo Pinheiro entregou, nesta segunda-feira (31), o novo N\u00facleo de Aten\u00e7\u00e3o Integral \u00e0 Sa\u00fade de Crian\u00e7as e Adolescentes com Transtorno do Espectro Autista (TEA) e outras Neurodiverg\u00eancias. O equipamento amplia a oferta de atendimento especializado e fortalece a rede municipal de sa\u00fade, garantindo um cuidado mais integrado, humanizado e pr\u00f3ximo das fam\u00edlias.<\/p>\n\n\n\n<p class=\"wp-block-paragraph\">O novo N\u00facleo oferecer\u00e1 avalia\u00e7\u00e3o especializada, interven\u00e7\u00e3o precoce, acompanhamento multiprofissional e orienta\u00e7\u00e3o \u00e0s fam\u00edlias, al\u00e9m de atuar de forma articulada com a Aten\u00e7\u00e3o Prim\u00e1ria, o CAPS Infantojuvenil, a Rede de Cuidados \u00e0 Pessoa com Defici\u00eancia, a Educa\u00e7\u00e3o e a Assist\u00eancia Social.<\/p>\n\n\n\n<p class=\"wp-block-paragraph\">\u201cEssa \u00e9 uma conquista muito importante para Caruaru e, principalmente, para n\u00f3s, m\u00e3es de crian\u00e7as at\u00edpicas. \u00c9 a esperan\u00e7a de um futuro melhor, com mais acolhimento, cuidado e oportunidades para os nossos filhos. Saber que existe um espa\u00e7o preparado para atender \u00e0s necessidades deles nos traz al\u00edvio e renova a nossa esperan\u00e7a\u201d, afirmou Larissa Rayanne, m\u00e3e de crian\u00e7a at\u00edpica.<\/p>\n\n\n\n<p class=\"wp-block-paragraph\">A proposta \u00e9 garantir uma linha de cuidado cont\u00ednua e compartilhada, respeitando as particularidades de cada crian\u00e7a e adolescente, estimulando o desenvolvimento, a autonomia, a inclus\u00e3o escolar e a participa\u00e7\u00e3o social.<\/p>\n\n\n\n<p class=\"wp-block-paragraph\">\u201cEstamos investindo para que Caruaru tenha uma sa\u00fade cada vez mais estruturada, inclusiva e preparada para cuidar das pessoas. A entrega deste N\u00facleo representa mais atendimento especializado, mais acolhimento e mais dignidade para as crian\u00e7as, os adolescentes e suas fam\u00edlias. E esse trabalho n\u00e3o para aqui, vamos continuar investindo e ampliando em pol\u00edticas p\u00fablicas para garantir que a nossa popula\u00e7\u00e3o tenha acesso a um cuidado de qualidade\u201d, destacou Rodrigo Pinheiro.  <br>Siga o nosso Instagram @portaledivaldomagalhaes<br>Foto: Jorge Farias<\/p>\n","protected":false},"excerpt":{"rendered":"<p>O prefeito Rodrigo Pinheiro entregou, nesta segunda-feira (31), o novo N\u00facleo de Aten\u00e7\u00e3o Integral \u00e0 Sa\u00fade de Crian\u00e7as e Adolescentes&hellip;<\/p>\n","protected":false},"author":1,"featured_media":132713,"comment_status":"closed","ping_status":"open","sticky":false,"template":"","format":"standard","meta":{"footnotes":""},"categories":[14120],"tags":[27410,13146,37301,36989,30651],"class_list":["post-132712","post","type-post","status-publish","format-standard","has-post-thumbnail","hentry","category-noticias","tag-blog-de-caruaru","tag-blog-edvaldo-magalhaes","tag-nucleo-de-atencao-integral-para-criancas-e-adolescentes-com-tea-e-outras-neurodivergencias","tag-portal-edivaldo-magalhaes","tag-prefeito-rodrigo-pinheiro"],"_links":{"self":[{"href":"https:\/\/blogdoedvaldomagalhaes.com.br\/index.php\/wp-json\/wp\/v2\/posts\/132712","targetHints":{"allow":["GET"]}}],"collection":[{"href":"https:\/\/blogdoedvaldomagalhaes.com.br\/index.php\/wp-json\/wp\/v2\/posts"}],"about":[{"href":"https:\/\/blogdoedvaldomagalhaes.com.br\/index.php\/wp-json\/wp\/v2\/types\/post"}],"author":[{"embeddable":true,"href":"https:\/\/blogdoedvaldomagalhaes.com.br\/index.php\/wp-json\/wp\/v2\/users\/1"}],"replies":[{"embeddable":true,"href":"https:\/\/blogdoedvaldomagalhaes.com.br\/index.php\/wp-json\/wp\/v2\/comments?post=132712"}],"version-history":[{"count":1,"href":"https:\/\/blogdoedvaldomagalhaes.com.br\/index.php\/wp-json\/wp\/v2\/posts\/132712\/revisions"}],"predecessor-version":[{"id":132714,"href":"https:\/\/blogdoedvaldomagalhaes.com.br\/index.php\/wp-json\/wp\/v2\/posts\/132712\/revisions\/132714"}],"wp:featuredmedia":[{"embeddable":true,"href":"https:\/\/blogdoedvaldomagalhaes.com.br\/index.php\/wp-json\/wp\/v2\/media\/132713"}],"wp:attachment":[{"href":"https:\/\/blogdoedvaldomagalhaes.com.br\/index.php\/wp-json\/wp\/v2\/media?parent=132712"}],"wp:term":[{"taxonomy":"category","embeddable":true,"href":"https:\/\/blogdoedvaldomagalhaes.com.br\/index.php\/wp-json\/wp\/v2\/categories?post=132712"},{"taxonomy":"post_tag","embeddable":true,"href":"https:\/\/blogdoedvaldomagalhaes.com.br\/index.php\/wp-json\/wp\/v2\/tags?post=132712"}],"curies":[{"name":"wp","href":"https:\/\/api.w.org\/{rel}","templated":true}]}}