{"id":132709,"date":"2026-08-31T14:28:15","date_gmt":"2026-08-31T17:28:15","guid":{"rendered":"https:\/\/blogdoedvaldomagalhaes.com.br\/?p=132709"},"modified":"2026-08-31T14:28:15","modified_gmt":"2026-08-31T17:28:15","slug":"secretaria-de-educacao-de-caruaru-realiza-i-congresso-regional-de-educacao-pela-paz","status":"publish","type":"post","link":"https:\/\/blogdoedvaldomagalhaes.com.br\/index.php\/2026\/08\/31\/secretaria-de-educacao-de-caruaru-realiza-i-congresso-regional-de-educacao-pela-paz\/","title":{"rendered":"Secretaria de Educa\u00e7\u00e3o de Caruaru realiza I Congresso Regional de Educa\u00e7\u00e3o Pela Paz"},"content":{"rendered":"\n<p class=\"wp-block-paragraph\">A Secretaria de Educa\u00e7\u00e3o de Caruaru, por meio do N\u00facleo de Inclus\u00e3o Social e Desenvolvimento Educacional (NISDE), realiza, nos dias 17 e 18 de setembro, o I Congresso Regional de Educa\u00e7\u00e3o pela Cultura de Paz. O encontro reunir\u00e1 gestores escolares, coordenadores pedag\u00f3gicos, equipes multiprofissionais, estudantes de licenciatura e representantes da rede de prote\u00e7\u00e3o.<\/p>\n\n\n\n<p class=\"wp-block-paragraph\">A programa\u00e7\u00e3o ser\u00e1 realizada na sede da Seduc e contar\u00e1 com apresenta\u00e7\u00f5es e debates sobre temas como viol\u00eancia escolar, bullying, cyberbullying, sa\u00fade mental, discrimina\u00e7\u00e3o e viola\u00e7\u00f5es de direitos. A iniciativa tamb\u00e9m busca promover a troca de experi\u00eancias e ampliar a discuss\u00e3o sobre pr\u00e1ticas e pol\u00edticas p\u00fablicas voltadas \u00e0 constru\u00e7\u00e3o de ambientes escolares mais seguros e inclusivos.<\/p>\n\n\n\n<p class=\"wp-block-paragraph\">\u201cUm evento desse tipo e com essas propostas demonstra o comprometimento da educa\u00e7\u00e3o em tornar e construir ambientes cada vez mais seguros para nossas crian\u00e7as e adolescentes, levando sempre a responsabilidade e o compromisso com cada estudante da rede\u201d, afirmou a gerente do NISDE, Vit\u00f3ria Barros.<\/p>\n\n\n\n<p class=\"wp-block-paragraph\">Os interessados podem se inscrever atrav\u00e9s do link: https:\/\/www.even3.com.br\/educacao-pela-paz-775721. <br>Siga o nosso Instagram @portaledivaldomagalhaes<br>Foto: Divulga\u00e7\u00e3o <\/p>\n","protected":false},"excerpt":{"rendered":"<p>A Secretaria de Educa\u00e7\u00e3o de Caruaru, por meio do N\u00facleo de Inclus\u00e3o Social e Desenvolvimento Educacional (NISDE), realiza, nos dias&hellip;<\/p>\n","protected":false},"author":1,"featured_media":132710,"comment_status":"closed","ping_status":"open","sticky":false,"template":"","format":"standard","meta":{"footnotes":""},"categories":[14120],"tags":[13146,36989,37300],"class_list":["post-132709","post","type-post","status-publish","format-standard","has-post-thumbnail","hentry","category-noticias","tag-blog-edvaldo-magalhaes","tag-portal-edivaldo-magalhaes","tag-secretaria-de-educacao-de-caruaru-realiza-i-congresso-regional-de-educacao-pela-paz"],"_links":{"self":[{"href":"https:\/\/blogdoedvaldomagalhaes.com.br\/index.php\/wp-json\/wp\/v2\/posts\/132709","targetHints":{"allow":["GET"]}}],"collection":[{"href":"https:\/\/blogdoedvaldomagalhaes.com.br\/index.php\/wp-json\/wp\/v2\/posts"}],"about":[{"href":"https:\/\/blogdoedvaldomagalhaes.com.br\/index.php\/wp-json\/wp\/v2\/types\/post"}],"author":[{"embeddable":true,"href":"https:\/\/blogdoedvaldomagalhaes.com.br\/index.php\/wp-json\/wp\/v2\/users\/1"}],"replies":[{"embeddable":true,"href":"https:\/\/blogdoedvaldomagalhaes.com.br\/index.php\/wp-json\/wp\/v2\/comments?post=132709"}],"version-history":[{"count":1,"href":"https:\/\/blogdoedvaldomagalhaes.com.br\/index.php\/wp-json\/wp\/v2\/posts\/132709\/revisions"}],"predecessor-version":[{"id":132711,"href":"https:\/\/blogdoedvaldomagalhaes.com.br\/index.php\/wp-json\/wp\/v2\/posts\/132709\/revisions\/132711"}],"wp:featuredmedia":[{"embeddable":true,"href":"https:\/\/blogdoedvaldomagalhaes.com.br\/index.php\/wp-json\/wp\/v2\/media\/132710"}],"wp:attachment":[{"href":"https:\/\/blogdoedvaldomagalhaes.com.br\/index.php\/wp-json\/wp\/v2\/media?parent=132709"}],"wp:term":[{"taxonomy":"category","embeddable":true,"href":"https:\/\/blogdoedvaldomagalhaes.com.br\/index.php\/wp-json\/wp\/v2\/categories?post=132709"},{"taxonomy":"post_tag","embeddable":true,"href":"https:\/\/blogdoedvaldomagalhaes.com.br\/index.php\/wp-json\/wp\/v2\/tags?post=132709"}],"curies":[{"name":"wp","href":"https:\/\/api.w.org\/{rel}","templated":true}]}}