{"id":132702,"date":"2026-08-31T12:47:41","date_gmt":"2026-08-31T15:47:41","guid":{"rendered":"https:\/\/blogdoedvaldomagalhaes.com.br\/?p=132702"},"modified":"2026-08-31T12:50:55","modified_gmt":"2026-08-31T15:50:55","slug":"festival-pernambuco-meu-pais-encerra-terceira-edicao-em-caruaru-celebrando-a-diversidade-e-a-forca-da-musica-brasileira","status":"publish","type":"post","link":"https:\/\/blogdoedvaldomagalhaes.com.br\/index.php\/2026\/08\/31\/festival-pernambuco-meu-pais-encerra-terceira-edicao-em-caruaru-celebrando-a-diversidade-e-a-forca-da-musica-brasileira\/","title":{"rendered":"Festival Pernambuco Meu Pa\u00eds encerra terceira edi\u00e7\u00e3o em Caruaru celebrando a diversidade e a for\u00e7a da m\u00fasica brasileira"},"content":{"rendered":"\n<p class=\"wp-block-paragraph\"><em>\u00daltima noite de programa\u00e7\u00e3o reuniu Banda de P\u00edfanos Z\u00e9 do Estado, Farra dos Poetas, Santanna O Cantador, O Grande Encontro e Calcinha Preta no P\u00e1tio de Eventos Luiz Gonzaga<\/em><\/p>\n\n\n\n<p class=\"wp-block-paragraph\">A terceira edi\u00e7\u00e3o do Festival Pernambuco Meu Pa\u00eds chegou ao fim neste domingo (30), em Caruaru, tendo a m\u00fasica como fio condutor de uma noite marcada pelo encontro entre tradi\u00e7\u00e3o, poesia, mem\u00f3ria e diferentes gera\u00e7\u00f5es da m\u00fasica brasileira.<\/p>\n\n\n\n<p class=\"wp-block-paragraph\">No P\u00e1tio de Eventos Luiz Gonzaga, o Palco Pernambuco Meu Pa\u00eds recebeu cinco shows que percorreram sonoridades distintas e traduziram, em suas pr\u00f3prias linguagens, a diversidade que esteve no centro da programa\u00e7\u00e3o do festival ao longo de sua circula\u00e7\u00e3o pelo Estado. Na cidade de fechamento, a \u00faltima noite reuniu Banda de P\u00edfanos Z\u00e9 do Estado, Farra dos Poetas, Santanna O Cantador, O Grande Encontro, com Alceu Valen\u00e7a, Elba Ramalho e Geraldo Azevedo, e Calcinha Preta, atravessando a cultura popular, o forr\u00f3 e grandes refer\u00eancias da m\u00fasica brasileira.<\/p>\n\n\n\n<p class=\"wp-block-paragraph\">Abrindo a programa\u00e7\u00e3o musical do palco, a Banda de P\u00edfanos Z\u00e9 do Estado levou para o P\u00e1tio de Eventos Luiz Gonzaga a sonoridade profundamente vinculada \u00e0 tradi\u00e7\u00e3o do Agreste. Entre p\u00edfanos, zabumba e outros elementos da m\u00fasica popular nordestina, a apresenta\u00e7\u00e3o colocou no centro da cena uma manifesta\u00e7\u00e3o que atravessa gera\u00e7\u00f5es e permanece viva como parte da identidade cultural da regi\u00e3o.<\/p>\n\n\n\n<p class=\"wp-block-paragraph\">Na sequ\u00eancia, o grupo Farra dos Poetas acrescentou \u00e0 noite uma dimens\u00e3o marcada pela palavra, pela improvisa\u00e7\u00e3o e pelo di\u00e1logo com a poesia popular. A apresenta\u00e7\u00e3o transformou o palco em espa\u00e7o de encontro entre versos, m\u00fasica e grande participa\u00e7\u00e3o do p\u00fablico.<\/p>\n\n\n\n<figure class=\"wp-block-image size-large\"><img loading=\"lazy\" decoding=\"async\" width=\"683\" height=\"1024\" src=\"https:\/\/blogdoedvaldomagalhaes.com.br\/wp-content\/uploads\/2026\/08\/3e206fba-ac08-46a2-b159-225127b1b5e3-683x1024.jpg\" class=\"wp-image-132706\" srcset=\"https:\/\/blogdoedvaldomagalhaes.com.br\/wp-content\/uploads\/2026\/08\/3e206fba-ac08-46a2-b159-225127b1b5e3-683x1024.jpg 683w, https:\/\/blogdoedvaldomagalhaes.com.br\/wp-content\/uploads\/2026\/08\/3e206fba-ac08-46a2-b159-225127b1b5e3-200x300.jpg 200w, https:\/\/blogdoedvaldomagalhaes.com.br\/wp-content\/uploads\/2026\/08\/3e206fba-ac08-46a2-b159-225127b1b5e3-768x1151.jpg 768w, https:\/\/blogdoedvaldomagalhaes.com.br\/wp-content\/uploads\/2026\/08\/3e206fba-ac08-46a2-b159-225127b1b5e3-1025x1536.jpg 1025w, https:\/\/blogdoedvaldomagalhaes.com.br\/wp-content\/uploads\/2026\/08\/3e206fba-ac08-46a2-b159-225127b1b5e3.jpg 1334w\" sizes=\"auto, (max-width: 683px) 100vw, 683px\" \/><\/figure>\n\n\n\n<p class=\"wp-block-paragraph\">Com Santanna O Cantador, o forr\u00f3 ganhou protagonismo no palco e conduziu a noite por um repert\u00f3rio ligado \u00e0s paisagens, aos afetos e \u00e0s hist\u00f3rias do Nordeste. Em Caruaru, territ\u00f3rio onde o forr\u00f3 ocupa lugar fundamental na identidade cultural, o show ganhou ainda uma dimens\u00e3o simb\u00f3lica ao integrar a programa\u00e7\u00e3o que marcou o encerramento da circula\u00e7\u00e3o do festival pelo Estado.<\/p>\n\n\n\n<figure class=\"wp-block-image size-large\"><img loading=\"lazy\" decoding=\"async\" width=\"1024\" height=\"683\" src=\"https:\/\/blogdoedvaldomagalhaes.com.br\/wp-content\/uploads\/2026\/08\/266c6e9a-0e05-412e-8c7f-4fb0ee85b8c9-1024x683.jpg\" class=\"wp-image-132707\" srcset=\"https:\/\/blogdoedvaldomagalhaes.com.br\/wp-content\/uploads\/2026\/08\/266c6e9a-0e05-412e-8c7f-4fb0ee85b8c9-1024x683.jpg 1024w, https:\/\/blogdoedvaldomagalhaes.com.br\/wp-content\/uploads\/2026\/08\/266c6e9a-0e05-412e-8c7f-4fb0ee85b8c9-300x200.jpg 300w, https:\/\/blogdoedvaldomagalhaes.com.br\/wp-content\/uploads\/2026\/08\/266c6e9a-0e05-412e-8c7f-4fb0ee85b8c9-768x512.jpg 768w, https:\/\/blogdoedvaldomagalhaes.com.br\/wp-content\/uploads\/2026\/08\/266c6e9a-0e05-412e-8c7f-4fb0ee85b8c9-1536x1025.jpg 1536w, https:\/\/blogdoedvaldomagalhaes.com.br\/wp-content\/uploads\/2026\/08\/266c6e9a-0e05-412e-8c7f-4fb0ee85b8c9.jpg 2000w\" sizes=\"auto, (max-width: 1024px) 100vw, 1024px\" \/><\/figure>\n\n\n\n<p class=\"wp-block-paragraph\">Um dos momentos mais aguardados da noite foi protagonizado por O Grande Encontro, reuni\u00e3o hist\u00f3rica de Alceu Valen\u00e7a, Elba Ramalho e Geraldo Azevedo. No palco, tr\u00eas trajet\u00f3rias fundamentais da m\u00fasica brasileira se encontraram novamente diante de um p\u00fablico que acompanhou can\u00e7\u00f5es que marcaram d\u00e9cadas e permanecem presentes no imagin\u00e1rio afetivo de diferentes gera\u00e7\u00f5es. O show combinou a personalidade art\u00edstica de cada um dos tr\u00eas int\u00e9rpretes com a for\u00e7a coletiva de um encontro que se tornou refer\u00eancia na m\u00fasica brasileira, transitando pelo forr\u00f3, frevo, xote, bai\u00e3o e outras matrizes sonoras nordestinas.<\/p>\n\n\n\n<p class=\"wp-block-paragraph\">Fechando a programa\u00e7\u00e3o do Palco Pernambuco Meu Pa\u00eds e tamb\u00e9m a agenda musical da terceira edi\u00e7\u00e3o do festival, Calcinha Preta levou ao P\u00e1tio de Eventos Luiz Gonzaga a dimens\u00e3o popular e massiva do forr\u00f3 eletr\u00f4nico. A banda encerrou a noite com um repert\u00f3rio que re\u00fane sucessos marcados pela presen\u00e7a no imagin\u00e1rio de gera\u00e7\u00f5es de f\u00e3s e por uma trajet\u00f3ria que ajudou a consolidar o g\u00eanero em todo o pa\u00eds. Entre grandes refr\u00f5es, romantismo e a energia caracter\u00edstica de suas apresenta\u00e7\u00f5es, o grupo colocou o p\u00fablico para cantar e dan\u00e7ar, criando o clima de celebra\u00e7\u00e3o que marcou os minutos finais do festival. <br \/>Siga o nosso Instagram @portaledivaldomagalhaes <br \/><em>Cr\u00e9dito das fotos: Juana Carvalho\/Secult-PE<\/em><\/p>\n","protected":false},"excerpt":{"rendered":"<p>\u00daltima noite de programa\u00e7\u00e3o reuniu Banda de P\u00edfanos Z\u00e9 do Estado, Farra dos Poetas, Santanna O Cantador, O Grande Encontro&hellip;<\/p>\n","protected":false},"author":1,"featured_media":132703,"comment_status":"closed","ping_status":"open","sticky":false,"template":"","format":"standard","meta":{"footnotes":""},"categories":[14120],"tags":[27410,13146,36960,36989],"class_list":["post-132702","post","type-post","status-publish","format-standard","has-post-thumbnail","hentry","category-noticias","tag-blog-de-caruaru","tag-blog-edvaldo-magalhaes","tag-festival-pernambuco-meu-pais","tag-portal-edivaldo-magalhaes"],"_links":{"self":[{"href":"https:\/\/blogdoedvaldomagalhaes.com.br\/index.php\/wp-json\/wp\/v2\/posts\/132702","targetHints":{"allow":["GET"]}}],"collection":[{"href":"https:\/\/blogdoedvaldomagalhaes.com.br\/index.php\/wp-json\/wp\/v2\/posts"}],"about":[{"href":"https:\/\/blogdoedvaldomagalhaes.com.br\/index.php\/wp-json\/wp\/v2\/types\/post"}],"author":[{"embeddable":true,"href":"https:\/\/blogdoedvaldomagalhaes.com.br\/index.php\/wp-json\/wp\/v2\/users\/1"}],"replies":[{"embeddable":true,"href":"https:\/\/blogdoedvaldomagalhaes.com.br\/index.php\/wp-json\/wp\/v2\/comments?post=132702"}],"version-history":[{"count":3,"href":"https:\/\/blogdoedvaldomagalhaes.com.br\/index.php\/wp-json\/wp\/v2\/posts\/132702\/revisions"}],"predecessor-version":[{"id":132708,"href":"https:\/\/blogdoedvaldomagalhaes.com.br\/index.php\/wp-json\/wp\/v2\/posts\/132702\/revisions\/132708"}],"wp:featuredmedia":[{"embeddable":true,"href":"https:\/\/blogdoedvaldomagalhaes.com.br\/index.php\/wp-json\/wp\/v2\/media\/132703"}],"wp:attachment":[{"href":"https:\/\/blogdoedvaldomagalhaes.com.br\/index.php\/wp-json\/wp\/v2\/media?parent=132702"}],"wp:term":[{"taxonomy":"category","embeddable":true,"href":"https:\/\/blogdoedvaldomagalhaes.com.br\/index.php\/wp-json\/wp\/v2\/categories?post=132702"},{"taxonomy":"post_tag","embeddable":true,"href":"https:\/\/blogdoedvaldomagalhaes.com.br\/index.php\/wp-json\/wp\/v2\/tags?post=132702"}],"curies":[{"name":"wp","href":"https:\/\/api.w.org\/{rel}","templated":true}]}}