{"id":132697,"date":"2026-08-31T12:14:19","date_gmt":"2026-08-31T15:14:19","guid":{"rendered":"https:\/\/blogdoedvaldomagalhaes.com.br\/?p=132697"},"modified":"2026-08-31T12:18:50","modified_gmt":"2026-08-31T15:18:50","slug":"guarda-municipal-de-caruaru-intervem-em-caso-de-tentativa-de-feminicidio","status":"publish","type":"post","link":"https:\/\/blogdoedvaldomagalhaes.com.br\/index.php\/2026\/08\/31\/guarda-municipal-de-caruaru-intervem-em-caso-de-tentativa-de-feminicidio\/","title":{"rendered":"Guarda Municipal de Caruaru interv\u00e9m em caso de tentativa de feminic\u00eddio"},"content":{"rendered":"\n<p class=\"wp-block-paragraph\">A Guarda Municipal de Caruaru, por meio da Patrulha Maria da Penha, interveio em uma ocorr\u00eancia de tentativa de feminic\u00eddio, na noite do domingo (30), no bairro Petr\u00f3polis. A equipe foi acionada ap\u00f3s receber informa\u00e7\u00f5es de que um homem estaria perseguindo a companheira com uma faca.<\/p>\n\n\n\n<p class=\"wp-block-paragraph\">O suspeito foi contido por populares antes da chegada dos agentes. A situa\u00e7\u00e3o foi confirmada com o apoio de imagens de uma c\u00e2mera de monitoramento instalada em frente ao local. Segundo a v\u00edtima, ela j\u00e1 vinha sofrendo diferentes formas de viol\u00eancia, conforme previsto na Lei Maria da Penha.<\/p>\n\n\n\n<figure class=\"wp-block-image size-large\"><img loading=\"lazy\" decoding=\"async\" width=\"461\" height=\"1024\" src=\"https:\/\/blogdoedvaldomagalhaes.com.br\/wp-content\/uploads\/2026\/08\/70fede4e-19ed-41bc-acb4-f8ce6b00d27d-461x1024.jpg\" class=\"wp-image-132700\" srcset=\"https:\/\/blogdoedvaldomagalhaes.com.br\/wp-content\/uploads\/2026\/08\/70fede4e-19ed-41bc-acb4-f8ce6b00d27d-461x1024.jpg 461w, https:\/\/blogdoedvaldomagalhaes.com.br\/wp-content\/uploads\/2026\/08\/70fede4e-19ed-41bc-acb4-f8ce6b00d27d-135x300.jpg 135w, https:\/\/blogdoedvaldomagalhaes.com.br\/wp-content\/uploads\/2026\/08\/70fede4e-19ed-41bc-acb4-f8ce6b00d27d-691x1536.jpg 691w, https:\/\/blogdoedvaldomagalhaes.com.br\/wp-content\/uploads\/2026\/08\/70fede4e-19ed-41bc-acb4-f8ce6b00d27d.jpg 720w\" sizes=\"auto, (max-width: 461px) 100vw, 461px\" \/><\/figure>\n\n\n\n<p class=\"wp-block-paragraph\">As partes envolvidas foram encaminhadas \u00e0 Delegacia Especializada de Atendimento \u00e0 Mulher (Deam), onde foram adotadas as medidas cab\u00edveis. <br>Siga o nosso Instagram @portaledivaldomagalhaes<br>Fotos: Divulga\u00e7\u00e3o\/GCM<\/p>\n\n\n\n<p class=\"wp-block-paragraph\"><\/p>\n","protected":false},"excerpt":{"rendered":"<p>A Guarda Municipal de Caruaru, por meio da Patrulha Maria da Penha, interveio em uma ocorr\u00eancia de tentativa de feminic\u00eddio,&hellip;<\/p>\n","protected":false},"author":1,"featured_media":132698,"comment_status":"closed","ping_status":"open","sticky":false,"template":"","format":"standard","meta":{"footnotes":""},"categories":[14121],"tags":[37011,13146,13991],"class_list":["post-132697","post","type-post","status-publish","format-standard","has-post-thumbnail","hentry","category-policial","tag-portal-edivaldo-magalhaes-2","tag-blog-edvaldo-magalhaes","tag-guarda-municipal-de-caruaru"],"_links":{"self":[{"href":"https:\/\/blogdoedvaldomagalhaes.com.br\/index.php\/wp-json\/wp\/v2\/posts\/132697","targetHints":{"allow":["GET"]}}],"collection":[{"href":"https:\/\/blogdoedvaldomagalhaes.com.br\/index.php\/wp-json\/wp\/v2\/posts"}],"about":[{"href":"https:\/\/blogdoedvaldomagalhaes.com.br\/index.php\/wp-json\/wp\/v2\/types\/post"}],"author":[{"embeddable":true,"href":"https:\/\/blogdoedvaldomagalhaes.com.br\/index.php\/wp-json\/wp\/v2\/users\/1"}],"replies":[{"embeddable":true,"href":"https:\/\/blogdoedvaldomagalhaes.com.br\/index.php\/wp-json\/wp\/v2\/comments?post=132697"}],"version-history":[{"count":2,"href":"https:\/\/blogdoedvaldomagalhaes.com.br\/index.php\/wp-json\/wp\/v2\/posts\/132697\/revisions"}],"predecessor-version":[{"id":132701,"href":"https:\/\/blogdoedvaldomagalhaes.com.br\/index.php\/wp-json\/wp\/v2\/posts\/132697\/revisions\/132701"}],"wp:featuredmedia":[{"embeddable":true,"href":"https:\/\/blogdoedvaldomagalhaes.com.br\/index.php\/wp-json\/wp\/v2\/media\/132698"}],"wp:attachment":[{"href":"https:\/\/blogdoedvaldomagalhaes.com.br\/index.php\/wp-json\/wp\/v2\/media?parent=132697"}],"wp:term":[{"taxonomy":"category","embeddable":true,"href":"https:\/\/blogdoedvaldomagalhaes.com.br\/index.php\/wp-json\/wp\/v2\/categories?post=132697"},{"taxonomy":"post_tag","embeddable":true,"href":"https:\/\/blogdoedvaldomagalhaes.com.br\/index.php\/wp-json\/wp\/v2\/tags?post=132697"}],"curies":[{"name":"wp","href":"https:\/\/api.w.org\/{rel}","templated":true}]}}