{"id":132692,"date":"2026-08-31T11:19:17","date_gmt":"2026-08-31T14:19:17","guid":{"rendered":"https:\/\/blogdoedvaldomagalhaes.com.br\/?p=132692"},"modified":"2026-08-31T11:32:07","modified_gmt":"2026-08-31T14:32:07","slug":"colisao-entre-duas-motos-deixa-dois-jovens-mortos","status":"publish","type":"post","link":"https:\/\/blogdoedvaldomagalhaes.com.br\/index.php\/2026\/08\/31\/colisao-entre-duas-motos-deixa-dois-jovens-mortos\/","title":{"rendered":"Colis\u00e3o entre duas motos deixa dois jovens mortos"},"content":{"rendered":"\n<p class=\"wp-block-paragraph\">Uma colis\u00e3o de tr\u00e2nsito envolvendo duas motos deixou dois jovens mortos na estrada que d\u00e1 acesso \u00e0 Vila do Jundi\u00e1, no munic\u00edpio de Jata\u00faba, no Agreste. A trag\u00e9dia aconteceu na noite deste domingo (30).<br>Matheus Leandro, de Brejo da Madre de Deus, idade n\u00e3o informada, morreu no local. J\u00e1 Jo\u00e3o Neto de Freitas, de 15 anos, foi socorrido e faleceu no Hospital Municipal de Jata\u00faba.\u00a0Um terceiro envolvido que n\u00e3o teve a identidade revelada, sofreu ferimentos leves.  <br><\/p>\n\n\n\n<p class=\"wp-block-paragraph\">A Pol\u00edcia Militar e a Guarda Civil Municipal estiveram no local para os procedimentos necess\u00e1rios. Os corpos foram encaminhados ao Instituto de Medicina Legal (IML) de Caruaru.<\/p>\n\n\n\n<p class=\"wp-block-paragraph\">Siga o nosso Instagram @portaledivaldomagalhaes<br>Foto: Divulga\u00e7\u00e3o\/PRF<br><br><\/p>\n\n\n\n<p class=\"wp-block-paragraph\"><\/p>\n","protected":false},"excerpt":{"rendered":"<p>Uma colis\u00e3o de tr\u00e2nsito envolvendo duas motos deixou dois jovens mortos na estrada que d\u00e1 acesso \u00e0 Vila do Jundi\u00e1,&hellip;<\/p>\n","protected":false},"author":1,"featured_media":132693,"comment_status":"closed","ping_status":"open","sticky":false,"template":"","format":"standard","meta":{"footnotes":""},"categories":[14120],"tags":[27410,13146,37299,36989],"class_list":["post-132692","post","type-post","status-publish","format-standard","has-post-thumbnail","hentry","category-noticias","tag-blog-de-caruaru","tag-blog-edvaldo-magalhaes","tag-colisao-entre-duas-motos-deixa-dois-jovens-mortos","tag-portal-edivaldo-magalhaes"],"_links":{"self":[{"href":"https:\/\/blogdoedvaldomagalhaes.com.br\/index.php\/wp-json\/wp\/v2\/posts\/132692","targetHints":{"allow":["GET"]}}],"collection":[{"href":"https:\/\/blogdoedvaldomagalhaes.com.br\/index.php\/wp-json\/wp\/v2\/posts"}],"about":[{"href":"https:\/\/blogdoedvaldomagalhaes.com.br\/index.php\/wp-json\/wp\/v2\/types\/post"}],"author":[{"embeddable":true,"href":"https:\/\/blogdoedvaldomagalhaes.com.br\/index.php\/wp-json\/wp\/v2\/users\/1"}],"replies":[{"embeddable":true,"href":"https:\/\/blogdoedvaldomagalhaes.com.br\/index.php\/wp-json\/wp\/v2\/comments?post=132692"}],"version-history":[{"count":3,"href":"https:\/\/blogdoedvaldomagalhaes.com.br\/index.php\/wp-json\/wp\/v2\/posts\/132692\/revisions"}],"predecessor-version":[{"id":132696,"href":"https:\/\/blogdoedvaldomagalhaes.com.br\/index.php\/wp-json\/wp\/v2\/posts\/132692\/revisions\/132696"}],"wp:featuredmedia":[{"embeddable":true,"href":"https:\/\/blogdoedvaldomagalhaes.com.br\/index.php\/wp-json\/wp\/v2\/media\/132693"}],"wp:attachment":[{"href":"https:\/\/blogdoedvaldomagalhaes.com.br\/index.php\/wp-json\/wp\/v2\/media?parent=132692"}],"wp:term":[{"taxonomy":"category","embeddable":true,"href":"https:\/\/blogdoedvaldomagalhaes.com.br\/index.php\/wp-json\/wp\/v2\/categories?post=132692"},{"taxonomy":"post_tag","embeddable":true,"href":"https:\/\/blogdoedvaldomagalhaes.com.br\/index.php\/wp-json\/wp\/v2\/tags?post=132692"}],"curies":[{"name":"wp","href":"https:\/\/api.w.org\/{rel}","templated":true}]}}