{"id":132689,"date":"2026-08-31T10:57:18","date_gmt":"2026-08-31T13:57:18","guid":{"rendered":"https:\/\/blogdoedvaldomagalhaes.com.br\/?p=132689"},"modified":"2026-08-31T10:57:18","modified_gmt":"2026-08-31T13:57:18","slug":"opiniao-uma-semente-plantada-em-caruaru-por-jorge-quintino","status":"publish","type":"post","link":"https:\/\/blogdoedvaldomagalhaes.com.br\/index.php\/2026\/08\/31\/opiniao-uma-semente-plantada-em-caruaru-por-jorge-quintino\/","title":{"rendered":"Opini\u00e3o: Uma Semente Plantada em Caruaru &#8211; Por Jorge Quintino"},"content":{"rendered":"\n<p class=\"wp-block-paragraph\">Em Caruaru, antes mesmo de muitos perceberem o que estava por vir, o prefeito Rodrigo Pinheiro teve a coragem de enxergar al\u00e9m das fronteiras partid\u00e1rias.<\/p>\n\n\n\n<p class=\"wp-block-paragraph\">Ao declarar, de forma antecipada, seu apoio ao senador Humberto Costa, Rodrigo fez mais do que anunciar uma escolha pol\u00edtica.<\/p>\n\n\n\n<p class=\"wp-block-paragraph\">Ele apresentou uma compreens\u00e3o diferente da pol\u00edtica.<\/p>\n\n\n\n<p class=\"wp-block-paragraph\">Rodrigo \u00e9 do PSD. Est\u00e1 na base da governadora Raquel Lyra. E, ainda assim, compreendeu que Pernambuco \u00e9 maior do que qualquer partido.<\/p>\n\n\n\n<p class=\"wp-block-paragraph\">Ali, em Caruaru, foi plantada uma semente.<\/p>\n\n\n\n<p class=\"wp-block-paragraph\">A semente de que ideologia partid\u00e1ria n\u00e3o precisa ser muro.<\/p>\n\n\n\n<p class=\"wp-block-paragraph\">Pode ser ponte.<\/p>\n\n\n\n<p class=\"wp-block-paragraph\">Porque, acima das disputas, existe Pernambuco.<\/p>\n\n\n\n<p class=\"wp-block-paragraph\">Existe o compromisso com as cidades, com as pessoas, com o desenvolvimento do nosso Estado.<\/p>\n\n\n\n<p class=\"wp-block-paragraph\">E esse gesto tamb\u00e9m fortalece a pr\u00f3pria Raquel Lyra.<\/p>\n\n\n\n<p class=\"wp-block-paragraph\">Porque uma governadora n\u00e3o pode ser apenas governadora de quem votou nela.<\/p>\n\n\n\n<p class=\"wp-block-paragraph\">Ela precisa ser governadora de todos.<\/p>\n\n\n\n<p class=\"wp-block-paragraph\">De todas as bandeiras.<\/p>\n\n\n\n<p class=\"wp-block-paragraph\">De todos os munic\u00edpios.<\/p>\n\n\n\n<p class=\"wp-block-paragraph\">De todas as correntes pol\u00edticas que estejam dispostas a trabalhar pelo bem comum.<\/p>\n\n\n\n<p class=\"wp-block-paragraph\">E, da mesma forma, fortalece Humberto Costa, porque demonstra que sua trajet\u00f3ria pol\u00edtica pode dialogar para al\u00e9m das fronteiras de um partido.<\/p>\n\n\n\n<p class=\"wp-block-paragraph\">Talvez muitos tenham visto apenas uma decis\u00e3o eleitoral.<\/p>\n\n\n\n<p class=\"wp-block-paragraph\">Mas quem olha mais adiante percebe outra coisa.<\/p>\n\n\n\n<p class=\"wp-block-paragraph\">Percebe o nascimento de uma nova possibilidade para Pernambuco:<\/p>\n\n\n\n<p class=\"wp-block-paragraph\">a pol\u00edtica que n\u00e3o pergunta primeiro de que partido voc\u00ea \u00e9, mas pergunta o que voc\u00ea pode fazer pelo povo.<\/p>\n\n\n\n<p class=\"wp-block-paragraph\">E essa talvez seja a maior contribui\u00e7\u00e3o de Rodrigo Pinheiro naquele momento.<\/p>\n\n\n\n<p class=\"wp-block-paragraph\">Mostrar que \u00e9 poss\u00edvel divergir nas ideias, caminhar em partidos diferentes e, ainda assim, sentar \u00e0 mesma mesa quando o assunto \u00e9 o futuro de Pernambuco.<\/p>\n\n\n\n<p class=\"wp-block-paragraph\">Porque no fim das contas, quando o interesse p\u00fablico est\u00e1 acima do interesse partid\u00e1rio, todos ganham.<\/p>\n\n\n\n<p class=\"wp-block-paragraph\">Ganha Caruaru.<\/p>\n\n\n\n<p class=\"wp-block-paragraph\">Ganha Pernambuco.<\/p>\n\n\n\n<p class=\"wp-block-paragraph\">Ganha Raquel.<\/p>\n\n\n\n<p class=\"wp-block-paragraph\">Ganha Humberto.<\/p>\n\n\n\n<p class=\"wp-block-paragraph\">E, principalmente, ganha o povo pernambucano.<\/p>\n\n\n\n<p class=\"wp-block-paragraph\">A semente foi plantada em Caruaru.<\/p>\n\n\n\n<p class=\"wp-block-paragraph\">Agora, cabe a Pernambuco decidir se quer v\u00ea-la crescer.  <br>Por Jorge Quintino <br><br>Siga o nosso Instagram @portaledivaldomagalhaes<br>Foto: Divulga\u00e7\u00e3o <\/p>\n","protected":false},"excerpt":{"rendered":"<p>Em Caruaru, antes mesmo de muitos perceberem o que estava por vir, o prefeito Rodrigo Pinheiro teve a coragem de&hellip;<\/p>\n","protected":false},"author":1,"featured_media":132690,"comment_status":"closed","ping_status":"open","sticky":false,"template":"","format":"standard","meta":{"footnotes":""},"categories":[14122],"tags":[36938,13146,37298,36989],"class_list":["post-132689","post","type-post","status-publish","format-standard","has-post-thumbnail","hentry","category-politica","tag-blog-de-politica","tag-blog-edvaldo-magalhaes","tag-opiniao-uma-semente-plantada-em-caruaru-por-jorge-quintino","tag-portal-edivaldo-magalhaes"],"_links":{"self":[{"href":"https:\/\/blogdoedvaldomagalhaes.com.br\/index.php\/wp-json\/wp\/v2\/posts\/132689","targetHints":{"allow":["GET"]}}],"collection":[{"href":"https:\/\/blogdoedvaldomagalhaes.com.br\/index.php\/wp-json\/wp\/v2\/posts"}],"about":[{"href":"https:\/\/blogdoedvaldomagalhaes.com.br\/index.php\/wp-json\/wp\/v2\/types\/post"}],"author":[{"embeddable":true,"href":"https:\/\/blogdoedvaldomagalhaes.com.br\/index.php\/wp-json\/wp\/v2\/users\/1"}],"replies":[{"embeddable":true,"href":"https:\/\/blogdoedvaldomagalhaes.com.br\/index.php\/wp-json\/wp\/v2\/comments?post=132689"}],"version-history":[{"count":1,"href":"https:\/\/blogdoedvaldomagalhaes.com.br\/index.php\/wp-json\/wp\/v2\/posts\/132689\/revisions"}],"predecessor-version":[{"id":132691,"href":"https:\/\/blogdoedvaldomagalhaes.com.br\/index.php\/wp-json\/wp\/v2\/posts\/132689\/revisions\/132691"}],"wp:featuredmedia":[{"embeddable":true,"href":"https:\/\/blogdoedvaldomagalhaes.com.br\/index.php\/wp-json\/wp\/v2\/media\/132690"}],"wp:attachment":[{"href":"https:\/\/blogdoedvaldomagalhaes.com.br\/index.php\/wp-json\/wp\/v2\/media?parent=132689"}],"wp:term":[{"taxonomy":"category","embeddable":true,"href":"https:\/\/blogdoedvaldomagalhaes.com.br\/index.php\/wp-json\/wp\/v2\/categories?post=132689"},{"taxonomy":"post_tag","embeddable":true,"href":"https:\/\/blogdoedvaldomagalhaes.com.br\/index.php\/wp-json\/wp\/v2\/tags?post=132689"}],"curies":[{"name":"wp","href":"https:\/\/api.w.org\/{rel}","templated":true}]}}