{"id":132686,"date":"2026-08-31T09:14:20","date_gmt":"2026-08-31T12:14:20","guid":{"rendered":"https:\/\/blogdoedvaldomagalhaes.com.br\/?p=132686"},"modified":"2026-08-31T09:14:20","modified_gmt":"2026-08-31T12:14:20","slug":"em-grande-festa-anderson-correia-inaugura-comite-ao-lado-de-eduardo-e-lula-da-fonte","status":"publish","type":"post","link":"https:\/\/blogdoedvaldomagalhaes.com.br\/index.php\/2026\/08\/31\/em-grande-festa-anderson-correia-inaugura-comite-ao-lado-de-eduardo-e-lula-da-fonte\/","title":{"rendered":"Em grande festa, Anderson Correia inaugura comit\u00ea ao lado de Eduardo e Lula da Fonte"},"content":{"rendered":"\n<p class=\"wp-block-paragraph\">Em clima de grande festa e com uma recep\u00e7\u00e3o calorosa, Anderson Correia (PP) inaugurou, na noite deste domingo (30), seu comit\u00ea de campanha em Caruaru. Ao lado do deputado federal Lula da Fonte e do deputado federal Eduardo da Fonte, candidato ao Senado, Correia foi recebido com celebra\u00e7\u00e3o em mais um momento importante de sua caminhada rumo \u00e0 Assembleia Legislativa de Pernambuco (Alepe). A noite foi marcada pela alegria, pelo entusiasmo e pela demonstra\u00e7\u00e3o de carinho dos apoiadores, em um evento que mostrou a for\u00e7a e a crescente mobiliza\u00e7\u00e3o em torno de sua candidatura.<\/p>\n\n\n\n<p class=\"wp-block-paragraph\">O comit\u00ea ficou tomado por apoiadores, lideran\u00e7as e representantes de diversas cidades, reunindo pessoas do Agreste, Sert\u00e3o e Regi\u00e3o Metropolitana do Recife. Tamb\u00e9m participaram protetores de animais, simpatizantes da causa animal e cidad\u00e3os que acompanham e acreditam no trabalho desenvolvido por Correia em defesa dos animais e por pol\u00edticas p\u00fablicas que transformem a vida das pessoas. A grande festa refor\u00e7ou a uni\u00e3o em torno do projeto de eleger Anderson para representar Caruaru e o interior de Pernambuco na Alepe, em uma noite marcada pela emo\u00e7\u00e3o, pela esperan\u00e7a e pela confian\u00e7a em sua caminhada.<\/p>\n\n\n\n<p class=\"wp-block-paragraph\">\u201cFoi mais um momento muito especial nessa caminhada rumo \u00e0 Alepe, onde pude contar com a presen\u00e7a dos meus l\u00edderes Lula da Fonte, meu federal, e Eduardo da Fonte, nosso futuro senador. Foi uma festa linda, e as pessoas nos emocionaram com tanto amor, dedica\u00e7\u00e3o e carinho. N\u00f3s conseguimos ver nos olhos de cada pessoa o quanto elas querem que sejamos eleitos e, se Deus quiser, estarei l\u00e1 representando esse povo e representando os animais na Alepe. Foi uma noite inesquec\u00edvel e, a partir de agora, nosso comit\u00ea est\u00e1 de portas abertas para todos. Essa \u00e9 a casa das pessoas e dos animais durante toda a nossa campanha, o lugar onde estaremos juntos, firmes e unidos at\u00e9 a nossa vit\u00f3ria. E, se Deus quiser, ser\u00e1 daqui que vamos construir o caminho para a nossa vit\u00f3ria\u201d, afirmou Anderson Correia.  <br>Siga o nosso Instagram @portaledivaldomagalhaes<br>Foto: Divulga\u00e7\u00e3o <\/p>\n","protected":false},"excerpt":{"rendered":"<p>Em clima de grande festa e com uma recep\u00e7\u00e3o calorosa, Anderson Correia (PP) inaugurou, na noite deste domingo (30), seu&hellip;<\/p>\n","protected":false},"author":1,"featured_media":132687,"comment_status":"closed","ping_status":"open","sticky":false,"template":"","format":"standard","meta":{"footnotes":""},"categories":[14122],"tags":[36938,13146,37297],"class_list":["post-132686","post","type-post","status-publish","format-standard","has-post-thumbnail","hentry","category-politica","tag-blog-de-politica","tag-blog-edvaldo-magalhaes","tag-em-grande-festa-anderson-correia-inaugura-comite-ao-lado-de-eduardo-da-fonte-e-lula-da-fonte"],"_links":{"self":[{"href":"https:\/\/blogdoedvaldomagalhaes.com.br\/index.php\/wp-json\/wp\/v2\/posts\/132686","targetHints":{"allow":["GET"]}}],"collection":[{"href":"https:\/\/blogdoedvaldomagalhaes.com.br\/index.php\/wp-json\/wp\/v2\/posts"}],"about":[{"href":"https:\/\/blogdoedvaldomagalhaes.com.br\/index.php\/wp-json\/wp\/v2\/types\/post"}],"author":[{"embeddable":true,"href":"https:\/\/blogdoedvaldomagalhaes.com.br\/index.php\/wp-json\/wp\/v2\/users\/1"}],"replies":[{"embeddable":true,"href":"https:\/\/blogdoedvaldomagalhaes.com.br\/index.php\/wp-json\/wp\/v2\/comments?post=132686"}],"version-history":[{"count":1,"href":"https:\/\/blogdoedvaldomagalhaes.com.br\/index.php\/wp-json\/wp\/v2\/posts\/132686\/revisions"}],"predecessor-version":[{"id":132688,"href":"https:\/\/blogdoedvaldomagalhaes.com.br\/index.php\/wp-json\/wp\/v2\/posts\/132686\/revisions\/132688"}],"wp:featuredmedia":[{"embeddable":true,"href":"https:\/\/blogdoedvaldomagalhaes.com.br\/index.php\/wp-json\/wp\/v2\/media\/132687"}],"wp:attachment":[{"href":"https:\/\/blogdoedvaldomagalhaes.com.br\/index.php\/wp-json\/wp\/v2\/media?parent=132686"}],"wp:term":[{"taxonomy":"category","embeddable":true,"href":"https:\/\/blogdoedvaldomagalhaes.com.br\/index.php\/wp-json\/wp\/v2\/categories?post=132686"},{"taxonomy":"post_tag","embeddable":true,"href":"https:\/\/blogdoedvaldomagalhaes.com.br\/index.php\/wp-json\/wp\/v2\/tags?post=132686"}],"curies":[{"name":"wp","href":"https:\/\/api.w.org\/{rel}","templated":true}]}}