{"id":132683,"date":"2026-08-31T09:08:03","date_gmt":"2026-08-31T12:08:03","guid":{"rendered":"https:\/\/blogdoedvaldomagalhaes.com.br\/?p=132683"},"modified":"2026-08-31T09:08:03","modified_gmt":"2026-08-31T12:08:03","slug":"tony-gel-e-tonynho-participam-de-grande-panfletaco-com-joao-campos-na-feira-de-caruaru","status":"publish","type":"post","link":"https:\/\/blogdoedvaldomagalhaes.com.br\/index.php\/2026\/08\/31\/tony-gel-e-tonynho-participam-de-grande-panfletaco-com-joao-campos-na-feira-de-caruaru\/","title":{"rendered":"Tony Gel e Tonynho participam de grande panfleta\u00e7o com Jo\u00e3o Campos na Feira de Caruaru"},"content":{"rendered":"\n<p class=\"wp-block-paragraph\">O candidato a governador de Pernambuco, Jo\u00e3o Campos (PSB), esteve em Caruaru, no Agreste de Pernambuco, no s\u00e1bado (29), onde participou de um grande panfleta\u00e7o na tradicional Feira de Caruaru. A agenda contou com a participa\u00e7\u00e3o do ex-prefeito e ex-deputado Tony Gel, do empres\u00e1rio Tonynho e de lideran\u00e7as pol\u00edticas locais.<\/p>\n\n\n\n<p class=\"wp-block-paragraph\">Durante a caminhada, Jo\u00e3o Campos foi recebido com entusiasmo pela popula\u00e7\u00e3o cumprimentando comerciantes, feirantes e compradores. O candidato aproveitou o momento para apresentar suas propostas para Pernambuco, conversar diretamente com a popula\u00e7\u00e3o e ouvir as demandas de quem vive o dia a dia de Caruaru e do Agreste.<\/p>\n\n\n\n<p class=\"wp-block-paragraph\">Para Tony Gel, a presen\u00e7a de Jo\u00e3o Campos em Caruaru refor\u00e7a a import\u00e2ncia de aproximar a discuss\u00e3o sobre o futuro de Pernambuco da popula\u00e7\u00e3o do Agreste.<\/p>\n\n\n\n<p class=\"wp-block-paragraph\">\u201c\u00c9 na rua, ouvindo as pessoas e conhecendo de perto a realidade de cada lugar, que podemos construir propostas que realmente fa\u00e7am a diferen\u00e7a. Caruaru tem uma for\u00e7a enorme e \u00e9 fundamental estar aqui, conversando com a nossa gente\u201d, destacou Tony durante a agenda.<\/p>\n\n\n\n<p class=\"wp-block-paragraph\">\ud83d\udcf8 Z\u00e9 Paulo <\/p>\n\n\n\n<p class=\"wp-block-paragraph\">Siga o nosso Instagram @portaledivaldomagalhaes<\/p>\n","protected":false},"excerpt":{"rendered":"<p>O candidato a governador de Pernambuco, Jo\u00e3o Campos (PSB), esteve em Caruaru, no Agreste de Pernambuco, no s\u00e1bado (29), onde&hellip;<\/p>\n","protected":false},"author":1,"featured_media":132684,"comment_status":"closed","ping_status":"open","sticky":false,"template":"","format":"standard","meta":{"footnotes":""},"categories":[14122],"tags":[36938,13146,36989,37296],"class_list":["post-132683","post","type-post","status-publish","format-standard","has-post-thumbnail","hentry","category-politica","tag-blog-de-politica","tag-blog-edvaldo-magalhaes","tag-portal-edivaldo-magalhaes","tag-tony-gel-e-tonynho-participam-de-grande-panfletaco-com-joao-campos-na-feira-de-caruaru"],"_links":{"self":[{"href":"https:\/\/blogdoedvaldomagalhaes.com.br\/index.php\/wp-json\/wp\/v2\/posts\/132683","targetHints":{"allow":["GET"]}}],"collection":[{"href":"https:\/\/blogdoedvaldomagalhaes.com.br\/index.php\/wp-json\/wp\/v2\/posts"}],"about":[{"href":"https:\/\/blogdoedvaldomagalhaes.com.br\/index.php\/wp-json\/wp\/v2\/types\/post"}],"author":[{"embeddable":true,"href":"https:\/\/blogdoedvaldomagalhaes.com.br\/index.php\/wp-json\/wp\/v2\/users\/1"}],"replies":[{"embeddable":true,"href":"https:\/\/blogdoedvaldomagalhaes.com.br\/index.php\/wp-json\/wp\/v2\/comments?post=132683"}],"version-history":[{"count":1,"href":"https:\/\/blogdoedvaldomagalhaes.com.br\/index.php\/wp-json\/wp\/v2\/posts\/132683\/revisions"}],"predecessor-version":[{"id":132685,"href":"https:\/\/blogdoedvaldomagalhaes.com.br\/index.php\/wp-json\/wp\/v2\/posts\/132683\/revisions\/132685"}],"wp:featuredmedia":[{"embeddable":true,"href":"https:\/\/blogdoedvaldomagalhaes.com.br\/index.php\/wp-json\/wp\/v2\/media\/132684"}],"wp:attachment":[{"href":"https:\/\/blogdoedvaldomagalhaes.com.br\/index.php\/wp-json\/wp\/v2\/media?parent=132683"}],"wp:term":[{"taxonomy":"category","embeddable":true,"href":"https:\/\/blogdoedvaldomagalhaes.com.br\/index.php\/wp-json\/wp\/v2\/categories?post=132683"},{"taxonomy":"post_tag","embeddable":true,"href":"https:\/\/blogdoedvaldomagalhaes.com.br\/index.php\/wp-json\/wp\/v2\/tags?post=132683"}],"curies":[{"name":"wp","href":"https:\/\/api.w.org\/{rel}","templated":true}]}}