{"id":132680,"date":"2026-08-30T19:57:01","date_gmt":"2026-08-30T22:57:01","guid":{"rendered":"https:\/\/blogdoedvaldomagalhaes.com.br\/?p=132680"},"modified":"2026-08-30T19:57:01","modified_gmt":"2026-08-30T22:57:01","slug":"professora-ana-lucia-reafirma-compromisso-com-brejo-da-madre-de-deus-e-assume-a-missao-de-representar-a-cidade-na-assembleia","status":"publish","type":"post","link":"https:\/\/blogdoedvaldomagalhaes.com.br\/index.php\/2026\/08\/30\/professora-ana-lucia-reafirma-compromisso-com-brejo-da-madre-de-deus-e-assume-a-missao-de-representar-a-cidade-na-assembleia\/","title":{"rendered":"Professora Ana L\u00facia reafirma compromisso com Brejo da Madre de Deus e assume a miss\u00e3o de representar a cidade na Assembleia"},"content":{"rendered":"\n<p class=\"wp-block-paragraph\">A candidata a deputada estadual Professora Ana L\u00facia cumpriu agenda em Brejo da Madre de Deus e refor\u00e7ou o compromisso de representar o munic\u00edpio na Assembleia Legislativa de Pernambuco. A passagem pela cidade tamb\u00e9m foi marcada pela lembran\u00e7a do v\u00ednculo constru\u00eddo ao longo de sua trajet\u00f3ria, que fez de Brejo uma das cidades do seu cora\u00e7\u00e3o.<\/p>\n\n\n\n<p class=\"wp-block-paragraph\">Com mais de 30 anos dedicados \u00e0 educa\u00e7\u00e3o, Ana L\u00facia tamb\u00e9m relembrou o per\u00edodo em que atuou como secret\u00e1ria de Assist\u00eancia Social do munic\u00edpio, quando esteve ao lado das fam\u00edlias e conheceu de perto suas hist\u00f3rias, desafios e necessidades. Em torno de 40 anos, Brejo da Madre de Deus n\u00e3o elege um representante para levar a voz do seu povo \u00e0 Assembleia Legislativa. Esse longo per\u00edodo sem uma representa\u00e7\u00e3o direta deixou um vazio que precisa ser ocupado. Agora, Ana L\u00facia assume esse desafio e coloca seu nome \u00e0 disposi\u00e7\u00e3o para ser essa voz, defender os interesses do munic\u00edpio e transformar as necessidades da popula\u00e7\u00e3o em compromisso e a\u00e7\u00e3o pol\u00edtica.<\/p>\n\n\n\n<p class=\"wp-block-paragraph\">\u201cEu sou a deputada de Brejo. Essa cidade faz parte da minha hist\u00f3ria. J\u00e1 recebi o t\u00edtulo de cidad\u00e3 brejense, mas foi a conviv\u00eancia, o trabalho e o carinho das pessoas que fizeram com que eu me sentisse parte dessa terra. Quero levar a voz do nosso povo para a Alepe e defender Brejo com presen\u00e7a e compromisso\u201d, afirmou.<\/p>\n\n\n\n<p class=\"wp-block-paragraph\">Ao lado da governadora Raquel Lyra, a candidata segue percorrendo Pernambuco e ampliando sua presen\u00e7a na campanha. Em Brejo, a caminhada teve um significado especial: representar uma cidade que j\u00e1 faz parte de sua pr\u00f3pria hist\u00f3ria.  <br>Siga o nosso Instagram @portaledivaldomagalhaes<br>Foto:@mabflow<\/p>\n\n\n\n<p class=\"wp-block-paragraph\"><\/p>\n","protected":false},"excerpt":{"rendered":"<p>A candidata a deputada estadual Professora Ana L\u00facia cumpriu agenda em Brejo da Madre de Deus e refor\u00e7ou o compromisso&hellip;<\/p>\n","protected":false},"author":1,"featured_media":132681,"comment_status":"closed","ping_status":"open","sticky":false,"template":"","format":"standard","meta":{"footnotes":""},"categories":[14122],"tags":[37028,36989,37295],"class_list":["post-132680","post","type-post","status-publish","format-standard","has-post-thumbnail","hentry","category-politica","tag-blog-edivaldo-magalhaes","tag-portal-edivaldo-magalhaes","tag-professora-ana-lucia-reafirma-compromisso-com-brejo-da-madre-de-deus"],"_links":{"self":[{"href":"https:\/\/blogdoedvaldomagalhaes.com.br\/index.php\/wp-json\/wp\/v2\/posts\/132680","targetHints":{"allow":["GET"]}}],"collection":[{"href":"https:\/\/blogdoedvaldomagalhaes.com.br\/index.php\/wp-json\/wp\/v2\/posts"}],"about":[{"href":"https:\/\/blogdoedvaldomagalhaes.com.br\/index.php\/wp-json\/wp\/v2\/types\/post"}],"author":[{"embeddable":true,"href":"https:\/\/blogdoedvaldomagalhaes.com.br\/index.php\/wp-json\/wp\/v2\/users\/1"}],"replies":[{"embeddable":true,"href":"https:\/\/blogdoedvaldomagalhaes.com.br\/index.php\/wp-json\/wp\/v2\/comments?post=132680"}],"version-history":[{"count":1,"href":"https:\/\/blogdoedvaldomagalhaes.com.br\/index.php\/wp-json\/wp\/v2\/posts\/132680\/revisions"}],"predecessor-version":[{"id":132682,"href":"https:\/\/blogdoedvaldomagalhaes.com.br\/index.php\/wp-json\/wp\/v2\/posts\/132680\/revisions\/132682"}],"wp:featuredmedia":[{"embeddable":true,"href":"https:\/\/blogdoedvaldomagalhaes.com.br\/index.php\/wp-json\/wp\/v2\/media\/132681"}],"wp:attachment":[{"href":"https:\/\/blogdoedvaldomagalhaes.com.br\/index.php\/wp-json\/wp\/v2\/media?parent=132680"}],"wp:term":[{"taxonomy":"category","embeddable":true,"href":"https:\/\/blogdoedvaldomagalhaes.com.br\/index.php\/wp-json\/wp\/v2\/categories?post=132680"},{"taxonomy":"post_tag","embeddable":true,"href":"https:\/\/blogdoedvaldomagalhaes.com.br\/index.php\/wp-json\/wp\/v2\/tags?post=132680"}],"curies":[{"name":"wp","href":"https:\/\/api.w.org\/{rel}","templated":true}]}}