{"id":132677,"date":"2026-08-30T18:35:51","date_gmt":"2026-08-30T21:35:51","guid":{"rendered":"https:\/\/blogdoedvaldomagalhaes.com.br\/?p=132677"},"modified":"2026-08-30T18:35:51","modified_gmt":"2026-08-30T21:35:51","slug":"parques-ambientais-espacos-de-natureza-educacao-e-qualidade-de-vida","status":"publish","type":"post","link":"https:\/\/blogdoedvaldomagalhaes.com.br\/index.php\/2026\/08\/30\/parques-ambientais-espacos-de-natureza-educacao-e-qualidade-de-vida\/","title":{"rendered":"Parques ambientais: espa\u00e7os de natureza, educa\u00e7\u00e3o e qualidade de vida"},"content":{"rendered":"\n<p class=\"wp-block-paragraph\"><em>Parques ambientais: espa\u00e7os de natureza, educa\u00e7\u00e3o e qualidade de vida<\/em><\/p>\n\n\n\n<p class=\"wp-block-paragraph\">Promover atividades nos parques ambientais \u00e9 tamb\u00e9m uma forma de promover qualidade de vida, conviv\u00eancia e educa\u00e7\u00e3o ambiental. Esses espa\u00e7os oferecem \u00e0 popula\u00e7\u00e3o a oportunidade de sair da rotina, estar ao ar livre, reunir fam\u00edlias e amigos e proporcionar \u00e0s crian\u00e7as momentos de lazer, aprendizado e contato direto com a natureza.<\/p>\n\n\n\n<p class=\"wp-block-paragraph\">Os parques ambientais t\u00eam uma import\u00e2ncia que vai muito al\u00e9m da preserva\u00e7\u00e3o das \u00e1reas verdes. Eles s\u00e3o espa\u00e7os de conviv\u00eancia, lazer e contato com a natureza, capazes de aproximar fam\u00edlias e amigos e contribuir para o bem-estar da popula\u00e7\u00e3o.<\/p>\n\n\n\n<p class=\"wp-block-paragraph\">Para as crian\u00e7as, estar em um ambiente aberto, brincar e ter contato com a natureza tamb\u00e9m favorece o desenvolvimento, a socializa\u00e7\u00e3o e a cria\u00e7\u00e3o de uma rela\u00e7\u00e3o mais saud\u00e1vel com o espa\u00e7o onde vivem. Para os adultos, os parques representam uma oportunidade de lazer, conviv\u00eancia e bem-estar, longe da rotina e dos ambientes fechados.<\/p>\n\n\n\n<p class=\"wp-block-paragraph\">Nesse contexto, os parques tamb\u00e9m s\u00e3o importantes ferramentas de educa\u00e7\u00e3o ambiental. Foi pensando nisso que surgiu o projeto Domingo no Parque, que j\u00e1 passou pelos parques Severino Montenegro, Bara\u00fanas, S\u00e3o Francisco, das Rendeiras, Pinheir\u00e3o e Janelas para o Rio, levando atividades educativas e momentos de divers\u00e3o para as fam\u00edlias.<\/p>\n\n\n\n<p class=\"wp-block-paragraph\">A programa\u00e7\u00e3o re\u00fane jogos e a\u00e7\u00f5es de conscientiza\u00e7\u00e3o ambiental, al\u00e9m de pula-pula, cama el\u00e1stica, castelinho infl\u00e1vel, pintura de rosto, pipoca, algod\u00e3o-doce e m\u00fasica. A proposta \u00e9 unir divers\u00e3o, conviv\u00eancia e conhecimento, fazendo com que a popula\u00e7\u00e3o se aproxime cada vez mais dos parques e compreenda a import\u00e2ncia de cuidar do meio ambiente.<\/p>\n\n\n\n<p class=\"wp-block-paragraph\">Al\u00e9m desses espa\u00e7os, Caruaru tamb\u00e9m conta com o Parque Natural Municipal Jo\u00e3o Vasconcelos Sobrinho, localizado na zona rural do munic\u00edpio. Por ser uma \u00e1rea de reserva ambiental, o parque proporciona uma experi\u00eancia diferente de contato com a natureza, com possibilidades de trilhas, conhecimento sobre a hist\u00f3ria do local, observa\u00e7\u00e3o e aprendizado sobre plantas nativas e outras experi\u00eancias ligadas \u00e0 preserva\u00e7\u00e3o ambiental.<\/p>\n\n\n\n<p class=\"wp-block-paragraph\">Para Fagner dos Animais, iniciativas como essa ajudam a transformar os parques em espa\u00e7os vivos e integrados \u00e0 comunidade. \u201cQuando uma fam\u00edlia vai ao parque para se divertir, ela tamb\u00e9m est\u00e1 tendo a oportunidade de estar em contato com a natureza, conviver, cuidar da sa\u00fade e aprender. \u00c9 uma forma de promover qualidade de vida e, ao mesmo tempo, despertar a consci\u00eancia ambiental, principalmente nas crian\u00e7as. Queremos desenvolver muitos outros projetos para manter os parques vivos, levando atividades que aproximem cada vez mais as comunidades e toda a popula\u00e7\u00e3o desses espa\u00e7os&#8221;.<\/p>\n\n\n\n<p class=\"wp-block-paragraph\">Assim, investir na ocupa\u00e7\u00e3o dos parques com atividades de lazer e educa\u00e7\u00e3o ambiental \u00e9 tamb\u00e9m investir em qualidade de vida, conviv\u00eancia e forma\u00e7\u00e3o de uma sociedade mais consciente sobre a import\u00e2ncia da natureza.<\/p>\n\n\n\n<p class=\"wp-block-paragraph\">Fagner dos Animais<br>Secret\u00e1rio de Sustentabilidade e Bem-Estar Animal. <br><br>Siga o nosso Instagram @portaledivaldomagalhaes<br>Foto: Divulga\u00e7\u00e3o <\/p>\n","protected":false},"excerpt":{"rendered":"<p>Parques ambientais: espa\u00e7os de natureza, educa\u00e7\u00e3o e qualidade de vida Promover atividades nos parques ambientais \u00e9 tamb\u00e9m uma forma de&hellip;<\/p>\n","protected":false},"author":1,"featured_media":132678,"comment_status":"closed","ping_status":"open","sticky":false,"template":"","format":"standard","meta":{"footnotes":""},"categories":[14120],"tags":[13146,36390,37294,36989],"class_list":["post-132677","post","type-post","status-publish","format-standard","has-post-thumbnail","hentry","category-noticias","tag-blog-edvaldo-magalhaes","tag-fagner-dos-animais","tag-parques-ambientais-espacos-de-natureza-educacao-e-qualidade-de-vida","tag-portal-edivaldo-magalhaes"],"_links":{"self":[{"href":"https:\/\/blogdoedvaldomagalhaes.com.br\/index.php\/wp-json\/wp\/v2\/posts\/132677","targetHints":{"allow":["GET"]}}],"collection":[{"href":"https:\/\/blogdoedvaldomagalhaes.com.br\/index.php\/wp-json\/wp\/v2\/posts"}],"about":[{"href":"https:\/\/blogdoedvaldomagalhaes.com.br\/index.php\/wp-json\/wp\/v2\/types\/post"}],"author":[{"embeddable":true,"href":"https:\/\/blogdoedvaldomagalhaes.com.br\/index.php\/wp-json\/wp\/v2\/users\/1"}],"replies":[{"embeddable":true,"href":"https:\/\/blogdoedvaldomagalhaes.com.br\/index.php\/wp-json\/wp\/v2\/comments?post=132677"}],"version-history":[{"count":1,"href":"https:\/\/blogdoedvaldomagalhaes.com.br\/index.php\/wp-json\/wp\/v2\/posts\/132677\/revisions"}],"predecessor-version":[{"id":132679,"href":"https:\/\/blogdoedvaldomagalhaes.com.br\/index.php\/wp-json\/wp\/v2\/posts\/132677\/revisions\/132679"}],"wp:featuredmedia":[{"embeddable":true,"href":"https:\/\/blogdoedvaldomagalhaes.com.br\/index.php\/wp-json\/wp\/v2\/media\/132678"}],"wp:attachment":[{"href":"https:\/\/blogdoedvaldomagalhaes.com.br\/index.php\/wp-json\/wp\/v2\/media?parent=132677"}],"wp:term":[{"taxonomy":"category","embeddable":true,"href":"https:\/\/blogdoedvaldomagalhaes.com.br\/index.php\/wp-json\/wp\/v2\/categories?post=132677"},{"taxonomy":"post_tag","embeddable":true,"href":"https:\/\/blogdoedvaldomagalhaes.com.br\/index.php\/wp-json\/wp\/v2\/tags?post=132677"}],"curies":[{"name":"wp","href":"https:\/\/api.w.org\/{rel}","templated":true}]}}