{"id":132673,"date":"2026-08-30T16:29:19","date_gmt":"2026-08-30T19:29:19","guid":{"rendered":"https:\/\/blogdoedvaldomagalhaes.com.br\/?p=132673"},"modified":"2026-08-30T16:49:15","modified_gmt":"2026-08-30T19:49:15","slug":"raquel-aciona-policias-federal-e-civil-contra-ataques-espalhados-pelas-ruas-do-recife","status":"publish","type":"post","link":"https:\/\/blogdoedvaldomagalhaes.com.br\/index.php\/2026\/08\/30\/raquel-aciona-policias-federal-e-civil-contra-ataques-espalhados-pelas-ruas-do-recife\/","title":{"rendered":"Raquel aciona pol\u00edcias Federal e Civil contra ataques espalhados pelas ruas do Recife"},"content":{"rendered":"\n<p class=\"wp-block-paragraph\">A governadora e candidata \u00e0 reelei\u00e7\u00e3o, Raquel Lyra (PSD), registrou, neste domingo (30), boletim de ocorr\u00eancia nas pol\u00edcias Federal e Civil ap\u00f3s ser alvo de um epis\u00f3dio de viol\u00eancia pol\u00edtica, desta vez com a circula\u00e7\u00e3o de cartazes com acusa\u00e7\u00f5es e ataques de car\u00e1ter pessoal relacionados \u00e0 morte de seu marido, o empres\u00e1rio Fernando Lucena. As pe\u00e7as foram espalhadas em muros no Bairro do Recife. Em um dos cartazes, a imagem de Raquel aparece acompanhada da frase \u201cela matou o marido para ganhar a elei\u00e7\u00e3o\u201d. Em outro, a governadora \u00e9 retratada ao lado de Elize Matsunaga e Flordelis, sob a express\u00e3o \u201cmatadoras de maridos\u201d.<\/p>\n\n\n\n<p class=\"wp-block-paragraph\">\u201cEntrei no carro para seguir minha agenda na Mata Sul e, como sempre fa\u00e7o, abri o Instagram para ver o que estava acontecendo. E pude ver de perto a crueldade de quem n\u00e3o tem limites. Respeite minha fam\u00edlia, respeitem meus filhos, respeitem quem n\u00e3o est\u00e1 mais aqui, respeitem a minha dor\u201d, disse Raquel em v\u00eddeo publicado nas redes sociais.<\/p>\n\n\n\n<p class=\"wp-block-paragraph\">A coliga\u00e7\u00e3o Pernambuco de Cora\u00e7\u00e3o tamb\u00e9m acionar\u00e1 o Minist\u00e9rio P\u00fablico Eleitoral para que o caso seja investigado.<\/p>\n\n\n\n<p class=\"wp-block-paragraph\">Confira a declara\u00e7\u00e3o de Raquel no v\u00eddeo: https:\/\/www.instagram.com\/reel\/DcrOHONo9wJ\/?igsi=bjRxbGY0cDhvcnhj<\/p>\n","protected":false},"excerpt":{"rendered":"<p>A governadora e candidata \u00e0 reelei\u00e7\u00e3o, Raquel Lyra (PSD), registrou, neste domingo (30), boletim de ocorr\u00eancia nas pol\u00edcias Federal e&hellip;<\/p>\n","protected":false},"author":1,"featured_media":132675,"comment_status":"closed","ping_status":"open","sticky":false,"template":"","format":"standard","meta":{"footnotes":""},"categories":[14120],"tags":[36938,13146,36989,37293],"class_list":["post-132673","post","type-post","status-publish","format-standard","has-post-thumbnail","hentry","category-noticias","tag-blog-de-politica","tag-blog-edvaldo-magalhaes","tag-portal-edivaldo-magalhaes","tag-raquel-aciona-policias-federal-e-civil-contra-ataques-espalhados-pelas-ruas-do-recife"],"_links":{"self":[{"href":"https:\/\/blogdoedvaldomagalhaes.com.br\/index.php\/wp-json\/wp\/v2\/posts\/132673","targetHints":{"allow":["GET"]}}],"collection":[{"href":"https:\/\/blogdoedvaldomagalhaes.com.br\/index.php\/wp-json\/wp\/v2\/posts"}],"about":[{"href":"https:\/\/blogdoedvaldomagalhaes.com.br\/index.php\/wp-json\/wp\/v2\/types\/post"}],"author":[{"embeddable":true,"href":"https:\/\/blogdoedvaldomagalhaes.com.br\/index.php\/wp-json\/wp\/v2\/users\/1"}],"replies":[{"embeddable":true,"href":"https:\/\/blogdoedvaldomagalhaes.com.br\/index.php\/wp-json\/wp\/v2\/comments?post=132673"}],"version-history":[{"count":2,"href":"https:\/\/blogdoedvaldomagalhaes.com.br\/index.php\/wp-json\/wp\/v2\/posts\/132673\/revisions"}],"predecessor-version":[{"id":132676,"href":"https:\/\/blogdoedvaldomagalhaes.com.br\/index.php\/wp-json\/wp\/v2\/posts\/132673\/revisions\/132676"}],"wp:featuredmedia":[{"embeddable":true,"href":"https:\/\/blogdoedvaldomagalhaes.com.br\/index.php\/wp-json\/wp\/v2\/media\/132675"}],"wp:attachment":[{"href":"https:\/\/blogdoedvaldomagalhaes.com.br\/index.php\/wp-json\/wp\/v2\/media?parent=132673"}],"wp:term":[{"taxonomy":"category","embeddable":true,"href":"https:\/\/blogdoedvaldomagalhaes.com.br\/index.php\/wp-json\/wp\/v2\/categories?post=132673"},{"taxonomy":"post_tag","embeddable":true,"href":"https:\/\/blogdoedvaldomagalhaes.com.br\/index.php\/wp-json\/wp\/v2\/tags?post=132673"}],"curies":[{"name":"wp","href":"https:\/\/api.w.org\/{rel}","templated":true}]}}