{"id":132668,"date":"2026-08-30T15:30:21","date_gmt":"2026-08-30T18:30:21","guid":{"rendered":"https:\/\/blogdoedvaldomagalhaes.com.br\/?p=132668"},"modified":"2026-08-30T16:03:39","modified_gmt":"2026-08-30T19:03:39","slug":"ambulante-pisa-no-chinelo-de-homem-e-e-assassinado-a-facadas-na-frente-do-filho-em-caruaru","status":"publish","type":"post","link":"https:\/\/blogdoedvaldomagalhaes.com.br\/index.php\/2026\/08\/30\/ambulante-pisa-no-chinelo-de-homem-e-e-assassinado-a-facadas-na-frente-do-filho-em-caruaru\/","title":{"rendered":"Ambulante pisa no chinelo de homem e \u00e9 assassinado a facadas na frente do filho, em Caruaru"},"content":{"rendered":"\n<p class=\"wp-block-paragraph\">O ambulante <strong>Rodolfo \u00cdtalo Rafael da Silva, de 39 anos<\/strong>, foi morto a golpes de faca na madrugada deste domingo (30), na Rua S\u00e3o Sebasti\u00e3o, no Centro de Caruaru.<\/p>\n\n\n\n<p class=\"wp-block-paragraph\">De acordo com informa\u00e7\u00f5es do delegado Bruno Vital, o filho da v\u00edtima, de 14 anos, contou que houve uma confus\u00e3o ap\u00f3s seu pai, Rodolfo, pisar no chinelo de outro homem e danificar o cal\u00e7ado.<\/p>\n\n\n\n<p class=\"wp-block-paragraph\">Ainda segundo o relato, ap\u00f3s a discuss\u00e3o pelo preju\u00edzo, o dono do chinelo teria pedido R$ 50. Rodolfo afirmou que n\u00e3o tinha dinheiro em esp\u00e9cie, mas poderia realizar o pagamento via Pix. Como o outro homem n\u00e3o teria conta para receber o pagamento, uma nova discuss\u00e3o come\u00e7ou.<\/p>\n\n\n\n<p class=\"wp-block-paragraph\">Durante o desentendimento, Rodolfo foi atingido por golpes de faca e morreu no local, na frente do pr\u00f3prio filho.<\/p>\n\n\n\n<p class=\"wp-block-paragraph\">Ap\u00f3s o crime, o adolescente foi encontrado chorando e pedindo ajuda. Segundo as informa\u00e7\u00f5es repassadas, ele j\u00e1 havia perdido a m\u00e3e e agora ficou sem o pai, diante de uma situa\u00e7\u00e3o de extrema vulnerabilidade.<\/p>\n\n\n\n<p class=\"wp-block-paragraph\">A Pol\u00edcia Civil investiga o caso e trabalha para esclarecer as circunst\u00e2ncias do homic\u00eddio e identificar o respons\u00e1vel pelo crime.<\/p>\n\n\n\n<p class=\"wp-block-paragraph\">A autoria e as circunst\u00e2ncias do homic\u00eddio est\u00e3o sendo investigado. O corpo foi encaminhado ao IML de Caruaru.<\/p>\n\n\n\n<figure class=\"wp-block-image size-large\"><img loading=\"lazy\" decoding=\"async\" width=\"473\" height=\"1024\" src=\"https:\/\/blogdoedvaldomagalhaes.com.br\/wp-content\/uploads\/2026\/08\/3d0a56ea-a6cd-4c8f-8829-e97e8d61faf0-473x1024.jpg\" class=\"wp-image-132671\" srcset=\"https:\/\/blogdoedvaldomagalhaes.com.br\/wp-content\/uploads\/2026\/08\/3d0a56ea-a6cd-4c8f-8829-e97e8d61faf0-473x1024.jpg 473w, https:\/\/blogdoedvaldomagalhaes.com.br\/wp-content\/uploads\/2026\/08\/3d0a56ea-a6cd-4c8f-8829-e97e8d61faf0-138x300.jpg 138w, https:\/\/blogdoedvaldomagalhaes.com.br\/wp-content\/uploads\/2026\/08\/3d0a56ea-a6cd-4c8f-8829-e97e8d61faf0-709x1536.jpg 709w, https:\/\/blogdoedvaldomagalhaes.com.br\/wp-content\/uploads\/2026\/08\/3d0a56ea-a6cd-4c8f-8829-e97e8d61faf0.jpg 720w\" sizes=\"auto, (max-width: 473px) 100vw, 473px\" \/><figcaption class=\"wp-element-caption\">Foto da v\u00edtima <\/figcaption><\/figure>\n\n\n\n<p class=\"wp-block-paragraph\">#Caruaru #CaruaruPE #Pernambuco #Agreste #Pol\u00edcia #Homic\u00eddio #Not\u00edcia #PortalEdvaldoMagalh\u00e3es<\/p>\n\n\n\n<p class=\"wp-block-paragraph\"><\/p>\n","protected":false},"excerpt":{"rendered":"<p>O ambulante Rodolfo \u00cdtalo Rafael da Silva, de 39 anos, foi morto a golpes de faca na madrugada deste domingo&hellip;<\/p>\n","protected":false},"author":1,"featured_media":132669,"comment_status":"closed","ping_status":"open","sticky":false,"template":"","format":"standard","meta":{"footnotes":""},"categories":[14121],"tags":[13146,5448,36989],"class_list":["post-132668","post","type-post","status-publish","format-standard","has-post-thumbnail","hentry","category-policial","tag-blog-edvaldo-magalhaes","tag-homicidio","tag-portal-edivaldo-magalhaes"],"_links":{"self":[{"href":"https:\/\/blogdoedvaldomagalhaes.com.br\/index.php\/wp-json\/wp\/v2\/posts\/132668","targetHints":{"allow":["GET"]}}],"collection":[{"href":"https:\/\/blogdoedvaldomagalhaes.com.br\/index.php\/wp-json\/wp\/v2\/posts"}],"about":[{"href":"https:\/\/blogdoedvaldomagalhaes.com.br\/index.php\/wp-json\/wp\/v2\/types\/post"}],"author":[{"embeddable":true,"href":"https:\/\/blogdoedvaldomagalhaes.com.br\/index.php\/wp-json\/wp\/v2\/users\/1"}],"replies":[{"embeddable":true,"href":"https:\/\/blogdoedvaldomagalhaes.com.br\/index.php\/wp-json\/wp\/v2\/comments?post=132668"}],"version-history":[{"count":2,"href":"https:\/\/blogdoedvaldomagalhaes.com.br\/index.php\/wp-json\/wp\/v2\/posts\/132668\/revisions"}],"predecessor-version":[{"id":132672,"href":"https:\/\/blogdoedvaldomagalhaes.com.br\/index.php\/wp-json\/wp\/v2\/posts\/132668\/revisions\/132672"}],"wp:featuredmedia":[{"embeddable":true,"href":"https:\/\/blogdoedvaldomagalhaes.com.br\/index.php\/wp-json\/wp\/v2\/media\/132669"}],"wp:attachment":[{"href":"https:\/\/blogdoedvaldomagalhaes.com.br\/index.php\/wp-json\/wp\/v2\/media?parent=132668"}],"wp:term":[{"taxonomy":"category","embeddable":true,"href":"https:\/\/blogdoedvaldomagalhaes.com.br\/index.php\/wp-json\/wp\/v2\/categories?post=132668"},{"taxonomy":"post_tag","embeddable":true,"href":"https:\/\/blogdoedvaldomagalhaes.com.br\/index.php\/wp-json\/wp\/v2\/tags?post=132668"}],"curies":[{"name":"wp","href":"https:\/\/api.w.org\/{rel}","templated":true}]}}