{"id":132665,"date":"2026-08-30T14:19:10","date_gmt":"2026-08-30T17:19:10","guid":{"rendered":"https:\/\/blogdoedvaldomagalhaes.com.br\/?p=132665"},"modified":"2026-08-30T14:19:10","modified_gmt":"2026-08-30T17:19:10","slug":"festival-pernambuco-meu-pais-encerra-programacao-em-caruaru-neste-domingo-30-com-santanna-o-grande-encontro-calcinha-preta-e-outras-atracoes-gratuitas","status":"publish","type":"post","link":"https:\/\/blogdoedvaldomagalhaes.com.br\/index.php\/2026\/08\/30\/festival-pernambuco-meu-pais-encerra-programacao-em-caruaru-neste-domingo-30-com-santanna-o-grande-encontro-calcinha-preta-e-outras-atracoes-gratuitas\/","title":{"rendered":"Festival Pernambuco Meu Pa\u00eds encerra programa\u00e7\u00e3o em Caruaru neste domingo (30) com Santanna, O Grande Encontro, Calcinha Preta e outras atra\u00e7\u00f5es gratuitas"},"content":{"rendered":"\n<p class=\"wp-block-paragraph\"><em>\u00daltimo dia da terceira edi\u00e7\u00e3o re\u00fane m\u00fasica, cultura popular, artes c\u00eanicas, brincadeiras, cinema, literatura, cortejos e atividades formativas em diferentes espa\u00e7os da cidade<\/em><\/p>\n\n\n\n<p class=\"wp-block-paragraph\">O Festival Pernambuco Meu Pa\u00eds encerra sua programa\u00e7\u00e3o em Caruaru neste domingo (30), depois de cinco dias de atividades que ocuparam diferentes espa\u00e7os da cidade com m\u00fasica, artes, cultura popular, forma\u00e7\u00e3o e experi\u00eancias para p\u00fablicos de todas as idades. No Palco Pernambuco Meu Pa\u00eds, instalado no P\u00e1tio de Eventos Luiz Lua Gonzaga, a noite re\u00fane Banda de P\u00edfanos Z\u00e9 do Estado, Farra dos Poetas, Santanna O Cantador, o espet\u00e1culo Pernambuco Meu Pa\u00eds, O Grande Encontro, com Alceu Valen\u00e7a, Elba Ramalho e Geraldo Azevedo, e Calcinha Preta. A programa\u00e7\u00e3o \u00e9 gratuita.<\/p>\n\n\n\n<p class=\"wp-block-paragraph\">A agenda come\u00e7a \u00e0s 17h, com o DJ Salvador, que tamb\u00e9m comanda os intervalos da noite. \u00c0s 17h30, a Banda de P\u00edfanos Z\u00e9 do Estado leva ao palco uma das express\u00f5es mais emblem\u00e1ticas da tradi\u00e7\u00e3o musical do Agreste. Na sequ\u00eancia, \u00e0s 18h30, \u00e9 a vez de Farra dos Poetas. \u00c0s 20h, Santanna O Cantador d\u00e1 continuidade \u00e0 programa\u00e7\u00e3o, antes da apresenta\u00e7\u00e3o do espet\u00e1culo Pernambuco Meu Pa\u00eds, \u00e0s 21h20. \u00c0s 22h10, O Grande Encontro re\u00fane Alceu Valen\u00e7a, Elba Ramalho e Geraldo Azevedo em um dos momentos mais aguardados da noite. O encerramento do Palco Pernambuco Meu Pa\u00eds acontece \u00e0 0h40, com Calcinha Preta.<\/p>\n\n\n\n<p class=\"wp-block-paragraph\"><em>Cultura popular ocupa as ruas<\/em><\/p>\n\n\n\n<p class=\"wp-block-paragraph\">O domingo tamb\u00e9m ser\u00e1 marcado pela presen\u00e7a dos grupos de cultura popular em diferentes pontos de Caruaru. No Parque Janelas Para o Rio, a concentra\u00e7\u00e3o do cortejo acontece \u00e0s 15h, com sa\u00edda \u00e0s 16h, reunindo Maracatu Baque Mulher, Maracatu Baque Solto Estrela de Ouro e O Bonde Bloco Carnavalesco L\u00edrico. Mais tarde, \u00e0s 16h, a concentra\u00e7\u00e3o ser\u00e1 na Avenida Rui Barbosa, na Via Parque, para um novo cortejo, com sa\u00edda \u00e0s 17h. Participam Afox\u00e9 Omi Odoy\u00e1, Bloco Carnavalesco Misto Flor da Lira de Olinda, Boi Dourado de Limoeiro, Clube Carnavalesco Vassourinhas de Olinda, Grupo Percussivo Tambores D\u2019Sala, Maracatu Carnavalesco Misto Le\u00e3o Coroado, Maracatu Estrela de Ouro de Alian\u00e7a e Urso do Bairro Novo de Ribeir\u00e3o.<\/p>\n\n\n\n<p class=\"wp-block-paragraph\">Na Esta\u00e7\u00e3o Criativa, o Pa\u00eds das Brincadeiras promove uma tarde dedicada \u00e0s inf\u00e2ncias. A programa\u00e7\u00e3o come\u00e7a \u00e0s 15h, com o 1\u00ba Batalh\u00e3o de Bacamarteiros Infanto-Juvenil Palmares PE, seguido, \u00e0s 15h40, pelo Grupo de La Ursa Mirim Nova Gera\u00e7\u00e3o. \u00c0s 16h30, a Banda Alegria de Brincar ocupa o espa\u00e7o, e, \u00e0s 18h, Tio Bruninho encerra a programa\u00e7\u00e3o do segmento.<\/p>\n\n\n\n<p class=\"wp-block-paragraph\"><em>Artes, cinema e literatura<\/em><\/p>\n\n\n\n<p class=\"wp-block-paragraph\">A programa\u00e7\u00e3o de artes c\u00eanicas se espalha por diferentes espa\u00e7os da cidade. Na Esta\u00e7\u00e3o Ferrovi\u00e1ria, \u00e0s 17h, a Cia ETC apresenta \u201cLebres\u201d. No SESC, \u00e0s 19h, ser\u00e1 apresentado \u201cQuatro Luas\u201d, com classifica\u00e7\u00e3o indicativa a partir de seis anos. J\u00e1 no Teatro Mamuseb\u00e1, a Companhia Feira de Teatro Popular mant\u00e9m o Teatro de Mamulengos Mamuseb\u00e1 aberto das 16h \u00e0s 20h.<\/p>\n\n\n\n<p class=\"wp-block-paragraph\">No Pa\u00eds do Cinema, a ETE Nelson Barbalho recebe, \u00e0s 14h, a mostra \u201cCinema Pra Pirraia\u201d, com T\u00falio Beat. \u00c0s 15h30, a Casa das Caiporas apresenta a \u201cMostra Cineclubista Itinerante &#8211; Cinema no Ponto\u201d. A programa\u00e7\u00e3o amplia o acesso \u00e0 produ\u00e7\u00e3o audiovisual e ocupa a escola como espa\u00e7o de exibi\u00e7\u00e3o e encontro com o cinema.<\/p>\n\n\n\n<p class=\"wp-block-paragraph\">A literatura tamb\u00e9m integra a programa\u00e7\u00e3o do \u00faltimo dia. \u00c0s 15h, no Teatro Mamuseb\u00e1, a Cia FISA D\u2019arte apresenta a \u201cConta\u00e7\u00e3o de Hist\u00f3rias Ba\u00fa de Contos e Can\u00e7\u00f5es\u201d, encerrando a agenda do Pa\u00eds da Literatura em Caruaru.<\/p>\n\n\n\n<p class=\"wp-block-paragraph\"><em>Moda, artes visuais e conex\u00f5es criativas<\/em><\/p>\n\n\n\n<p class=\"wp-block-paragraph\">Na Esta\u00e7\u00e3o Criativa, o Pa\u00eds das Conex\u00f5es Criativas promove, a partir das 16h, a interven\u00e7\u00e3o de moda \u201cDesfile Coisas D. Thi\u201d, de Thiago da Silva Amaral Produ\u00e7\u00f5es Culturais. \u00c0s 17h, Anderson George Moraes de Ara\u00fajo apresenta a cole\u00e7\u00e3o \u201cA Hora da Estrela\u201d. O espa\u00e7o tamb\u00e9m recebe, das 12h \u00e0s 19h, as a\u00e7\u00f5es do Pa\u00eds das Conex\u00f5es Visuais, com a \u201c1\u00aa Exposi\u00e7\u00e3o Estadual de Arte Pernambucana &#8211; Nossa Cultura em Foco\u201d, de Luiz Carreiro; \u201cSaudades no Varal\u201d, de R\u00f4mulo Jackson; e a exposi\u00e7\u00e3o \u201cN\u00f3s Ousamos Sonhar\u201d, de Thays Medusa.<\/p>\n\n\n\n<p class=\"wp-block-paragraph\">Ainda das 12h \u00e0s 19h, o Pa\u00eds das Conex\u00f5es Urbanas ocupa a Esta\u00e7\u00e3o Ferrovi\u00e1ria com as interven\u00e7\u00f5es \u201cGuardi\u00e3s da Cultura Viva\u201d, de Micaela Almeida; \u201cDo Letreiro a Rua: Narrativa Gr\u00e1ficas do Agreste\u201d, de Pedro Mont; e \u201cQue Brincadeira \u00e9 Essa?\u201d, do TAB. No Monte Bom Jesus, o Pa\u00eds das Conex\u00f5es Perif\u00e9ricas come\u00e7a \u00e0s 16h, com a interven\u00e7\u00e3o \u201cMade in Agreste\u201d, de Caracol; \u00e0s 17h, recebe o Team Whallef Break Dance, com \u201cConectar e Transformar Atrav\u00e9s da Dan\u00e7a\u201d; e, \u00e0s 18h, Dichavai.<\/p>\n\n\n\n<p class=\"wp-block-paragraph\"><em>M\u00fasica instrumental e forma\u00e7\u00e3o<\/em><\/p>\n\n\n\n<p class=\"wp-block-paragraph\">A m\u00fasica instrumental ganha espa\u00e7o na Igreja Nossa Senhora da Concei\u00e7\u00e3o, onde, \u00e0s 20h, Neris Rodrigues e o Trombonando encerram a programa\u00e7\u00e3o do Pa\u00eds da M\u00fasica Instrumental. Na Esta\u00e7\u00e3o Ferrovi\u00e1ria, o Pa\u00eds da M\u00fasica apresenta, a partir das 17h, Capit\u00e3o Ten\u00f3rio; \u00e0s 19h, Dama do Rei; \u00e0s 20h30, Anjo Gabriel; e, \u00e0s 22h, Cabru\u00eara.<\/p>\n\n\n\n<p class=\"wp-block-paragraph\">O Forma PE tamb\u00e9m encerra suas atividades em Caruaru com duas a\u00e7\u00f5es formativas realizadas na Esta\u00e7\u00e3o Ferrovi\u00e1ria. Das 9h \u00e0s 12h, acontece o Workshop de Passarela, com Nestor M\u00e1denes, voltado a modelos locais e ao desenvolvimento de t\u00e9cnicas de postura, ritmo, presen\u00e7a de palco e din\u00e2mica de bastidores. No mesmo hor\u00e1rio, o Ateli\u00ea de Cer\u00e2mica Itinerante, com Micaella Alc\u00e2ntara, oferece uma experi\u00eancia pr\u00e1tica de cria\u00e7\u00e3o em argila, incluindo t\u00e9cnicas de baixo-relevo, uso de engobe e composi\u00e7\u00e3o inspirada no universo do sert\u00e3o e nas refer\u00eancias de Mestre Dila.<\/p>\n\n\n\n<p class=\"wp-block-paragraph\"><em>Caravana Pernambuco Meu Pa\u00eds chega ao Monte Bom Jesus<\/em><\/p>\n\n\n\n<p class=\"wp-block-paragraph\">No Monte Bom Jesus, a Caravana Pernambuco Meu Pa\u00eds realiza sua programa\u00e7\u00e3o a partir das 14h. A agenda come\u00e7a com Mateus e Katilinda, seguida, \u00e0s 14h30, por Samba de Coco Eremin. \u00c0s 15h, a Trupe Gargalhada apresenta o espet\u00e1culo circense \u201cGargalhada em Movimento\u201d. \u00c0s 17h30, \u00e9 a vez de \u201cCinema de Brincar\u201d, com a 9Oitavos Produ\u00e7\u00f5es, e, \u00e0s 19h, Aliados CP encerra a programa\u00e7\u00e3o do espa\u00e7o.<\/p>\n\n\n\n<p class=\"wp-block-paragraph\">Com programa\u00e7\u00e3o distribu\u00edda por diferentes territ\u00f3rios e linguagens, o \u00faltimo domingo do Festival Pernambuco Meu Pa\u00eds re\u00fane no mesmo percurso express\u00f5es tradicionais, manifesta\u00e7\u00f5es contempor\u00e2neas, m\u00fasica, teatro, circo, audiovisual, literatura, artes visuais, moda e a\u00e7\u00f5es de forma\u00e7\u00e3o. Em Caruaru, cidade que encerra a circula\u00e7\u00e3o da terceira edi\u00e7\u00e3o, o festival conclui sua passagem pelo Estado celebrando a diversidade da produ\u00e7\u00e3o cultural pernambucana e a ocupa\u00e7\u00e3o de espa\u00e7os p\u00fablicos pela arte.<\/p>\n\n\n\n<p class=\"wp-block-paragraph\"><em>CONFIRA A PROGRAMA\u00c7\u00c3O COMPLETA DESTE DOMINGO (30):<\/em><\/p>\n\n\n\n<p class=\"wp-block-paragraph\"><em>PALCO PERNAMBUCO MEU PA\u00cdS \u2013 P\u00c1TIO DE EVENTOS LUIZ LUIZ GONZAGA<\/em><\/p>\n\n\n\n<ul class=\"wp-block-list\">\n<li>17h \u2013 DJ Salvador<\/li>\n\n\n\n<li>17h30 \u2013 Banda de P\u00edfanos Z\u00e9 do Estado<\/li>\n\n\n\n<li>18h30 \u2013 Farra dos Poetas<\/li>\n\n\n\n<li>20h \u2013 Santanna O Cantador<\/li>\n\n\n\n<li>21h20 \u2013 Espet\u00e1culo Pernambuco Meu Pa\u00eds<\/li>\n\n\n\n<li>22h10 \u2013 O Grande Encontro, com Alceu Valen\u00e7a, Elba Ramalho e Geraldo Azevedo<\/li>\n\n\n\n<li>00h40 \u2013 Calcinha Preta<\/li>\n<\/ul>\n\n\n\n<p class=\"wp-block-paragraph\"><em>PA\u00cdS DO CIRCO \u2013 ESTA\u00c7\u00c3O CRIATIVA<\/em><\/p>\n\n\n\n<ul class=\"wp-block-list\">\n<li>15h \u2013 Um Sonho de Risos e Alegria<\/li>\n\n\n\n<li>17h \u2013 Vidal Circo<\/li>\n\n\n\n<li>19h \u2013 Vidal Circo<\/li>\n<\/ul>\n\n\n\n<p class=\"wp-block-paragraph\"><em>PA\u00cdS DAS ARTES C\u00caNICAS<\/em><\/p>\n\n\n\n<ul class=\"wp-block-list\">\n<li>17h \u2013 Lebres, com Cia ETC \u2013 Esta\u00e7\u00e3o Ferrovi\u00e1ria<\/li>\n\n\n\n<li>19h \u2013 Quatro Luas \u2013 SESC<\/li>\n\n\n\n<li>16h \u00e0s 20h \u2013 Teatro de Mamulengos Mamuseb\u00e1, com a Companhia Feira de Teatro Popular \u2013 Teatro Mamuseb\u00e1<\/li>\n<\/ul>\n\n\n\n<p class=\"wp-block-paragraph\"><em>PA\u00cdS DAS BRINCADEIRAS \u2013 ESTA\u00c7\u00c3O CRIATIVA<\/em><\/p>\n\n\n\n<ul class=\"wp-block-list\">\n<li>15h \u2013 1\u00ba Batalh\u00e3o de Bacamarteiros Infanto-Juvenil Palmares PE<\/li>\n\n\n\n<li>15h40 \u2013 Grupo de La Ursa Mirim Nova Gera\u00e7\u00e3o<\/li>\n\n\n\n<li>16h30 \u2013 Banda Alegria de Brincar<\/li>\n\n\n\n<li>18h \u2013 Tio Bruninho<\/li>\n<\/ul>\n\n\n\n<p class=\"wp-block-paragraph\"><em>PA\u00cdS DO CINEMA \u2013 ETE NELSON BARBALHO<\/em><\/p>\n\n\n\n<ul class=\"wp-block-list\">\n<li>14h \u2013 Cinema Pra Pirraia, com T\u00falio Beat<\/li>\n\n\n\n<li>15h30 \u2013 Mostra Cineclubista Itinerante \u2013 Cinema no Ponto, com Casa das Caiporas<\/li>\n<\/ul>\n\n\n\n<p class=\"wp-block-paragraph\"><em>PA\u00cdS DA LITERATURA \u2013 TEATRO MAMUSEB\u00c1<\/em><\/p>\n\n\n\n<ul class=\"wp-block-list\">\n<li>15h \u2013 Conta\u00e7\u00e3o de Hist\u00f3rias Ba\u00fa de Contos e Can\u00e7\u00f5es, com Cia FISA D\u2019arte<\/li>\n<\/ul>\n\n\n\n<p class=\"wp-block-paragraph\"><em>PA\u00cdS DAS CONEX\u00d5ES CRIATIVAS \u2013 ESTA\u00c7\u00c3O CRIATIVA<\/em><\/p>\n\n\n\n<ul class=\"wp-block-list\">\n<li>16h \u2013 Desfile Coisas D. Thi, com Thiago da Silva Amaral Produ\u00e7\u00f5es Culturais<\/li>\n\n\n\n<li>17h \u2013 Cole\u00e7\u00e3o A Hora da Estrela, com Anderson George Moraes de Ara\u00fajo<\/li>\n<\/ul>\n\n\n\n<p class=\"wp-block-paragraph\"><em>PA\u00cdS DAS CONEX\u00d5ES URBANAS \u2013 ESTA\u00c7\u00c3O FERROVI\u00c1RIA<\/em><\/p>\n\n\n\n<ul class=\"wp-block-list\">\n<li>12h \u00e0s 19h \u2013 Guardi\u00e3s da Cultura Viva, de Micaela Almeida<\/li>\n\n\n\n<li>12h \u00e0s 19h \u2013 Do Letreiro a Rua: Narrativa Gr\u00e1ficas do Agreste, de Pedro Mont<\/li>\n\n\n\n<li>12h \u00e0s 19h \u2013 Que Brincadeira \u00e9 Essa?, do TAB<\/li>\n<\/ul>\n\n\n\n<p class=\"wp-block-paragraph\"><em>PA\u00cdS DAS CONEX\u00d5ES VISUAIS \u2013 ESTA\u00c7\u00c3O CRIATIVA<\/em><\/p>\n\n\n\n<ul class=\"wp-block-list\">\n<li>12h \u00e0s 19h \u2013 1\u00aa Exposi\u00e7\u00e3o Estadual de Arte Pernambucana \u2013 Nossa Cultura em Foco, de Luiz Carreiro<\/li>\n\n\n\n<li>12h \u00e0s 19h \u2013 Saudades no Varal, de R\u00f4mulo Jackson<\/li>\n\n\n\n<li>12h \u00e0s 19h \u2013 N\u00f3s Ousamos Sonhar, de Thays Medusa<\/li>\n<\/ul>\n\n\n\n<p class=\"wp-block-paragraph\"><em>PA\u00cdS DAS CONEX\u00d5ES PERIF\u00c9RICAS \u2013 MONTE BOM JESUS<\/em><\/p>\n\n\n\n<ul class=\"wp-block-list\">\n<li>16h \u2013 Made in Agreste,<br>com Caracol<\/li>\n\n\n\n<li>17h \u2013 Conectar e Transformar Atrav\u00e9s da Dan\u00e7a, com Team Whallef Break Dance<\/li>\n\n\n\n<li>18h \u2013 Dichavai<\/li>\n<\/ul>\n\n\n\n<p class=\"wp-block-paragraph\"><em>PA\u00cdS DAS MATRIZES DO FORR\u00d3<\/em><\/p>\n\n\n\n<ul class=\"wp-block-list\">\n<li>10h30 \u2013 Pecinho Amorim<\/li>\n\n\n\n<li>12h30 \u2013 Carlinhos Bala<\/li>\n\n\n\n<li>14h30 \u2013 Ed Carlos<\/li>\n\n\n\n<li>16h30 \u2013 Azulinho<\/li>\n<\/ul>\n\n\n\n<p class=\"wp-block-paragraph\"><em>PA\u00cdS DA M\u00daSICA \u2013 ESTA\u00c7\u00c3O FERROVI\u00c1RIA<\/em><\/p>\n\n\n\n<ul class=\"wp-block-list\">\n<li>17h \u2013 Capit\u00e3o Ten\u00f3rio<\/li>\n\n\n\n<li>19h \u2013 Dama do Rei<\/li>\n\n\n\n<li>20h30 \u2013 Anjo Gabriel<\/li>\n\n\n\n<li>22h \u2013 Cabru\u00eara<\/li>\n<\/ul>\n\n\n\n<p class=\"wp-block-paragraph\"><em>PA\u00cdS DA M\u00daSICA INSTRUMENTAL \u2013 IGREJA NOSSA SENHORA DA CONCEI\u00c7\u00c3O<\/em><\/p>\n\n\n\n<ul class=\"wp-block-list\">\n<li>20h \u2013 Neris Rodrigues e o Trombonando<\/li>\n<\/ul>\n\n\n\n<p class=\"wp-block-paragraph\"><em>CORTEJO DE BRINCANTES<\/em><\/p>\n\n\n\n<ul class=\"wp-block-list\">\n<li>16h \u2013 Maracatu Baque Mulher, Maracatu Baque Solto Estrela de Ouro e O Bonde Bloco Carnavalesco L\u00edrico \u2013 Parque Janelas Para o Rio<\/li>\n\n\n\n<li>17h \u2013 Afox\u00e9 Omi Odoy\u00e1, Bloco Carnavalesco Misto Flor da Lira de Olinda, Boi Dourado de Limoeiro, Clube Carnavalesco Vassourinhas de Olinda, Grupo Percussivo Tambores D\u2019Sala, Maracatu Carnavalesco Misto Le\u00e3o Coroado, Maracatu Estrela de Ouro de Alian\u00e7a e Urso do Bairro Novo de Ribeir\u00e3o \u2013 Avenida Rui Barbosa\/Via Parque<\/li>\n<\/ul>\n\n\n\n<p class=\"wp-block-paragraph\"><em>CARAVANA PERNAMBUCO MEU PA\u00cdS \u2013 MONTE BOM JESUS<\/em><\/p>\n\n\n\n<ul class=\"wp-block-list\">\n<li>14h \u2013 Mateus e Katilinda<\/li>\n\n\n\n<li>14h30 \u2013 Samba de Coco Eremin<\/li>\n\n\n\n<li>15h \u2013 Trupe Gargalhada \u2013 Gargalhada em Movimento<\/li>\n\n\n\n<li>17h30 \u2013 Cinema de Brincar, com 9Oitavos Produ\u00e7\u00f5es<\/li>\n\n\n\n<li>19h \u2013 Aliados CP<\/li>\n<\/ul>\n\n\n\n<p class=\"wp-block-paragraph\"><em>FORMA PE \u2013 ESTA\u00c7\u00c3O FERROVI\u00c1RIA<\/em><\/p>\n\n\n\n<ul class=\"wp-block-list\">\n<li>9h \u00e0s 12h \u2013 Workshop de Passarela, com Nestor M\u00e1denes<\/li>\n\n\n\n<li>14h \u00e0s 16h \u2013 Ateli\u00ea de Cer\u00e2mica Itinerante, com Micaella Alc\u00e2ntara<\/li>\n<\/ul>\n","protected":false},"excerpt":{"rendered":"<p>\u00daltimo dia da terceira edi\u00e7\u00e3o re\u00fane m\u00fasica, cultura popular, artes c\u00eanicas, brincadeiras, cinema, literatura, cortejos e atividades formativas em diferentes&hellip;<\/p>\n","protected":false},"author":1,"featured_media":132666,"comment_status":"closed","ping_status":"open","sticky":false,"template":"","format":"standard","meta":{"footnotes":""},"categories":[14120],"tags":[13146,35660,37074,37292,36989,7552],"class_list":["post-132665","post","type-post","status-publish","format-standard","has-post-thumbnail","hentry","category-noticias","tag-blog-edvaldo-magalhaes","tag-calcinha-preta","tag-festival-pernambuco-meu-pais-2","tag-grande-encontro","tag-portal-edivaldo-magalhaes","tag-santanna"],"_links":{"self":[{"href":"https:\/\/blogdoedvaldomagalhaes.com.br\/index.php\/wp-json\/wp\/v2\/posts\/132665","targetHints":{"allow":["GET"]}}],"collection":[{"href":"https:\/\/blogdoedvaldomagalhaes.com.br\/index.php\/wp-json\/wp\/v2\/posts"}],"about":[{"href":"https:\/\/blogdoedvaldomagalhaes.com.br\/index.php\/wp-json\/wp\/v2\/types\/post"}],"author":[{"embeddable":true,"href":"https:\/\/blogdoedvaldomagalhaes.com.br\/index.php\/wp-json\/wp\/v2\/users\/1"}],"replies":[{"embeddable":true,"href":"https:\/\/blogdoedvaldomagalhaes.com.br\/index.php\/wp-json\/wp\/v2\/comments?post=132665"}],"version-history":[{"count":1,"href":"https:\/\/blogdoedvaldomagalhaes.com.br\/index.php\/wp-json\/wp\/v2\/posts\/132665\/revisions"}],"predecessor-version":[{"id":132667,"href":"https:\/\/blogdoedvaldomagalhaes.com.br\/index.php\/wp-json\/wp\/v2\/posts\/132665\/revisions\/132667"}],"wp:featuredmedia":[{"embeddable":true,"href":"https:\/\/blogdoedvaldomagalhaes.com.br\/index.php\/wp-json\/wp\/v2\/media\/132666"}],"wp:attachment":[{"href":"https:\/\/blogdoedvaldomagalhaes.com.br\/index.php\/wp-json\/wp\/v2\/media?parent=132665"}],"wp:term":[{"taxonomy":"category","embeddable":true,"href":"https:\/\/blogdoedvaldomagalhaes.com.br\/index.php\/wp-json\/wp\/v2\/categories?post=132665"},{"taxonomy":"post_tag","embeddable":true,"href":"https:\/\/blogdoedvaldomagalhaes.com.br\/index.php\/wp-json\/wp\/v2\/tags?post=132665"}],"curies":[{"name":"wp","href":"https:\/\/api.w.org\/{rel}","templated":true}]}}