{"id":1325,"date":"2018-09-12T15:58:00","date_gmt":"2018-09-12T18:58:00","guid":{"rendered":"http:\/\/blogdoedvaldomagalhaes.com.br\/index.php\/2018\/09\/12\/secretario-de-saude-e-assassinado-tiros\/"},"modified":"2019-02-09T02:30:53","modified_gmt":"2019-02-09T04:30:53","slug":"secretario-de-saude-e-assassinado-tiros","status":"publish","type":"post","link":"https:\/\/blogdoedvaldomagalhaes.com.br\/index.php\/2018\/09\/12\/secretario-de-saude-e-assassinado-tiros\/","title":{"rendered":"Secret\u00e1rio de Sa\u00fade \u00e9 assassinado a tiros dentro de gabinete em Cachoeirinha"},"content":{"rendered":"<div class=\"separator\" style=\"clear: both; text-align: center;\">\n<a href=\"https:\/\/3.bp.blogspot.com\/-4K08vxhAqIU\/W5k3KJqaQSI\/AAAAAAAA52c\/0iwl0Q2q01U91mODSayGhwoD2a1jlnZdgCLcBGAs\/s1600\/IMG-20180912-WA0142.jpg\" imageanchor=\"1\" style=\"margin-left: 1em; margin-right: 1em;\"><img loading=\"lazy\" decoding=\"async\" border=\"0\" data-original-height=\"1032\" data-original-width=\"581\" height=\"640\" src=\"http:\/\/blogdoedvaldomagalhaes.com.br\/wp-content\/uploads\/2018\/09\/IMG-20180912-WA0142.jpg\" width=\"360\" \/><\/a><\/div>\n<div class=\"separator\" style=\"clear: both; text-align: center;\">\nFotos: Reprodu\u00e7\u00e3o\/WhatsApp<\/div>\n<div class=\"separator\" style=\"clear: both; text-align: justify;\">\n<\/div>\n<div class=\"separator\" style=\"clear: both; text-align: justify;\">\nPor volta das 11h30, desta quarta-feira (12), a Central de Opera\u00e7\u00f5es do 15\u00ba BPM recebeu informa\u00e7\u00f5es que ocorreu um homic\u00eddio no munic\u00edpio de Cachoeirinha.<\/div>\n<div class=\"separator\" style=\"clear: both; text-align: justify;\">\n<\/div>\n<div class=\"separator\" style=\"clear: both; text-align: justify;\">\nSegundo informa\u00e7\u00f5es o motorista da ambul\u00e2ncia de nome JO\u00c3O PAULO DE ARA\u00daJO BARBOSA, realizou disparos de arma de fogo contra o secret\u00e1rio SILVIO ROMERO RAMOS,de 49 anos.&nbsp;<\/div>\n<div class=\"separator\" style=\"clear: both; text-align: justify;\">\n<\/div>\n<div class=\"separator\" style=\"clear: both; text-align: center;\">\n<a href=\"https:\/\/2.bp.blogspot.com\/-E8T9QlM5dKg\/W5lKzeCrh4I\/AAAAAAAA53M\/-wz5XVJT05EfmEhtKcXr8thGQYzR_j1gwCLcBGAs\/s1600\/IMG-20180912-WA0080.jpg\" imageanchor=\"1\" style=\"margin-left: 1em; margin-right: 1em;\"><img loading=\"lazy\" decoding=\"async\" border=\"0\" data-original-height=\"1032\" data-original-width=\"581\" height=\"640\" src=\"http:\/\/blogdoedvaldomagalhaes.com.br\/wp-content\/uploads\/2018\/09\/IMG-20180912-WA0080.jpg\" width=\"360\" \/><\/a><\/div>\n<div class=\"separator\" style=\"clear: both; text-align: center;\">\nArma do crime e suicido<\/div>\n<div class=\"separator\" style=\"clear: both; text-align: justify;\">\n<\/div>\n<div class=\"separator\" style=\"clear: both; text-align: justify;\">\nO imputado fugiu em uma Van de cor branca. Em&nbsp;determinado momento, na fuga, o indiv\u00edduo utilizando-se de uma pistola realizou disparo contra sua pr\u00f3pria cabe\u00e7a ceifando sua vida.<\/div>\n<div class=\"separator\" style=\"clear: both; text-align: center;\">\n<\/div>\n<div class=\"separator\" style=\"clear: both; text-align: justify;\">\n<\/div>\n<div class=\"separator\" style=\"clear: both; text-align: justify;\">\nAinda conforme informa\u00e7\u00f5es colhidas o imputado estava em surto \u00e0 dias, enfrentando problemas de relacionamento com diversas pessoas.<\/div>\n<div class=\"separator\" style=\"clear: both; text-align: center;\">\n<\/div>\n<div class=\"separator\" style=\"clear: both; text-align: center;\">\n<a href=\"https:\/\/3.bp.blogspot.com\/-TXQvUxVGGHw\/W5k9AE7hLDI\/AAAAAAAA52w\/tDQ73HjHgGMbzsExuFDjCJwqoFjV5XjKwCLcBGAs\/s1600\/silvio.jpg\" imageanchor=\"1\" style=\"margin-left: 1em; margin-right: 1em;\"><img loading=\"lazy\" decoding=\"async\" border=\"0\" data-original-height=\"558\" data-original-width=\"640\" height=\"558\" src=\"http:\/\/blogdoedvaldomagalhaes.com.br\/wp-content\/uploads\/2018\/09\/silvio.jpg\" width=\"640\" \/><\/a><\/div>\n<div class=\"separator\" style=\"clear: both; text-align: center;\">\nS\u00edlvio Romero<\/div>\n<div class=\"separator\" style=\"clear: both; text-align: center;\">\n<\/div>\n<div class=\"separator\" style=\"clear: both; text-align: center;\">\n<a href=\"https:\/\/4.bp.blogspot.com\/-CEWxMgD4e1s\/W5k_Fi7nmPI\/AAAAAAAA528\/Lv6Np70aHskR3qqUQ5nkJz4Mthoh3Qq_ACLcBGAs\/s1600\/IMG-20180912-WA0148.jpg\" imageanchor=\"1\" style=\"margin-left: 1em; margin-right: 1em;\"><img loading=\"lazy\" decoding=\"async\" border=\"0\" data-original-height=\"854\" data-original-width=\"480\" height=\"640\" src=\"http:\/\/blogdoedvaldomagalhaes.com.br\/wp-content\/uploads\/2018\/09\/IMG-20180912-WA0148.jpg\" width=\"358\" \/><\/a><\/div>\n<div class=\"separator\" style=\"clear: both; text-align: center;\">\nJo\u00e3o Paulo<\/div>\n<div class=\"separator\" style=\"clear: both; text-align: center;\">\n<\/div>\n<div class=\"separator\" style=\"clear: both; text-align: center;\">\n<\/div>\n","protected":false},"excerpt":{"rendered":"<p>Fotos: Reprodu\u00e7\u00e3o\/WhatsApp Por volta das 11h30, desta quarta-feira (12), a Central de Opera\u00e7\u00f5es do 15\u00ba BPM recebeu informa\u00e7\u00f5es que ocorreu&hellip;<\/p>\n","protected":false},"author":1,"featured_media":0,"comment_status":"open","ping_status":"open","sticky":false,"template":"","format":"standard","meta":{"footnotes":""},"categories":[1],"tags":[2,13,1284],"class_list":["post-1325","post","type-post","status-publish","format-standard","hentry","category-sem-categoria","tag-blog-do-edvaldo-magalhaes","tag-policial","tag-secretario-de-saude-e-assassinado-a-tiros-dentro-de-gabinete-em-cachoeirinha"],"_links":{"self":[{"href":"https:\/\/blogdoedvaldomagalhaes.com.br\/index.php\/wp-json\/wp\/v2\/posts\/1325","targetHints":{"allow":["GET"]}}],"collection":[{"href":"https:\/\/blogdoedvaldomagalhaes.com.br\/index.php\/wp-json\/wp\/v2\/posts"}],"about":[{"href":"https:\/\/blogdoedvaldomagalhaes.com.br\/index.php\/wp-json\/wp\/v2\/types\/post"}],"author":[{"embeddable":true,"href":"https:\/\/blogdoedvaldomagalhaes.com.br\/index.php\/wp-json\/wp\/v2\/users\/1"}],"replies":[{"embeddable":true,"href":"https:\/\/blogdoedvaldomagalhaes.com.br\/index.php\/wp-json\/wp\/v2\/comments?post=1325"}],"version-history":[{"count":1,"href":"https:\/\/blogdoedvaldomagalhaes.com.br\/index.php\/wp-json\/wp\/v2\/posts\/1325\/revisions"}],"predecessor-version":[{"id":34040,"href":"https:\/\/blogdoedvaldomagalhaes.com.br\/index.php\/wp-json\/wp\/v2\/posts\/1325\/revisions\/34040"}],"wp:attachment":[{"href":"https:\/\/blogdoedvaldomagalhaes.com.br\/index.php\/wp-json\/wp\/v2\/media?parent=1325"}],"wp:term":[{"taxonomy":"category","embeddable":true,"href":"https:\/\/blogdoedvaldomagalhaes.com.br\/index.php\/wp-json\/wp\/v2\/categories?post=1325"},{"taxonomy":"post_tag","embeddable":true,"href":"https:\/\/blogdoedvaldomagalhaes.com.br\/index.php\/wp-json\/wp\/v2\/tags?post=1325"}],"curies":[{"name":"wp","href":"https:\/\/api.w.org\/{rel}","templated":true}]}}