{"id":1324,"date":"2018-09-12T18:28:00","date_gmt":"2018-09-12T21:28:00","guid":{"rendered":"http:\/\/blogdoedvaldomagalhaes.com.br\/index.php\/2018\/09\/12\/tres-carros-roubados-em-lava-jato-de\/"},"modified":"2019-02-09T02:30:53","modified_gmt":"2019-02-09T04:30:53","slug":"tres-carros-roubados-em-lava-jato-de","status":"publish","type":"post","link":"https:\/\/blogdoedvaldomagalhaes.com.br\/index.php\/2018\/09\/12\/tres-carros-roubados-em-lava-jato-de\/","title":{"rendered":"Tr\u00eas carros roubados em lava jato de Caruaru; Veja o v\u00eddeo"},"content":{"rendered":"<div class=\"separator\" style=\"clear: both; text-align: center;\">\n<\/div>\n<p><\/p>\n<div style=\"background-color: white; margin-bottom: 6px; text-align: justify;\">\nTr\u00eas carros que estavam em um lava jato, na avenida Dom Bosco, no bairro Maur\u00edcio de Nassau, em Caruaru, nesta quarta-feira (12), foram roubados por assaltantes. Os ve\u00edculos foram: Hilux de cor branca e placas PON-1677, HB20 de cor branca e placas PGR-5432, e um&nbsp;Honda City de cor prata e placas informadas.<\/div>\n","protected":false},"excerpt":{"rendered":"<p>Tr\u00eas carros que estavam em um lava jato, na avenida Dom Bosco, no bairro Maur\u00edcio de Nassau, em Caruaru, nesta&hellip;<\/p>\n","protected":false},"author":1,"featured_media":0,"comment_status":"open","ping_status":"open","sticky":false,"template":"","format":"standard","meta":{"footnotes":""},"categories":[1],"tags":[2,13,1283],"class_list":["post-1324","post","type-post","status-publish","format-standard","hentry","category-sem-categoria","tag-blog-do-edvaldo-magalhaes","tag-policial","tag-tres-carros-roubados-em-lava-jato-de-caruaru-veja-o-video"],"_links":{"self":[{"href":"https:\/\/blogdoedvaldomagalhaes.com.br\/index.php\/wp-json\/wp\/v2\/posts\/1324","targetHints":{"allow":["GET"]}}],"collection":[{"href":"https:\/\/blogdoedvaldomagalhaes.com.br\/index.php\/wp-json\/wp\/v2\/posts"}],"about":[{"href":"https:\/\/blogdoedvaldomagalhaes.com.br\/index.php\/wp-json\/wp\/v2\/types\/post"}],"author":[{"embeddable":true,"href":"https:\/\/blogdoedvaldomagalhaes.com.br\/index.php\/wp-json\/wp\/v2\/users\/1"}],"replies":[{"embeddable":true,"href":"https:\/\/blogdoedvaldomagalhaes.com.br\/index.php\/wp-json\/wp\/v2\/comments?post=1324"}],"version-history":[{"count":1,"href":"https:\/\/blogdoedvaldomagalhaes.com.br\/index.php\/wp-json\/wp\/v2\/posts\/1324\/revisions"}],"predecessor-version":[{"id":34041,"href":"https:\/\/blogdoedvaldomagalhaes.com.br\/index.php\/wp-json\/wp\/v2\/posts\/1324\/revisions\/34041"}],"wp:attachment":[{"href":"https:\/\/blogdoedvaldomagalhaes.com.br\/index.php\/wp-json\/wp\/v2\/media?parent=1324"}],"wp:term":[{"taxonomy":"category","embeddable":true,"href":"https:\/\/blogdoedvaldomagalhaes.com.br\/index.php\/wp-json\/wp\/v2\/categories?post=1324"},{"taxonomy":"post_tag","embeddable":true,"href":"https:\/\/blogdoedvaldomagalhaes.com.br\/index.php\/wp-json\/wp\/v2\/tags?post=1324"}],"curies":[{"name":"wp","href":"https:\/\/api.w.org\/{rel}","templated":true}]}}