{"id":1323,"date":"2018-09-12T23:15:00","date_gmt":"2018-09-13T02:15:00","guid":{"rendered":"http:\/\/blogdoedvaldomagalhaes.com.br\/index.php\/2018\/09\/12\/morre-na-upa-policial-militar-atingido\/"},"modified":"2019-02-09T02:30:54","modified_gmt":"2019-02-09T04:30:54","slug":"morre-na-upa-policial-militar-atingido","status":"publish","type":"post","link":"https:\/\/blogdoedvaldomagalhaes.com.br\/index.php\/2018\/09\/12\/morre-na-upa-policial-militar-atingido\/","title":{"rendered":"Morre na UPA policial militar atingido por balas em Santa Cruz do Capibaribe"},"content":{"rendered":"<div class=\"separator\" style=\"clear: both; text-align: center;\">\n<a href=\"https:\/\/3.bp.blogspot.com\/-9ZVOTCfbhoM\/W5md4-tT3dI\/AAAAAAAA530\/7NR-scUebaEWLNAruWOXvPX6QxquzBM5QCLcBGAs\/s1600\/IMG-20180912-WA0249.jpg\" imageanchor=\"1\" style=\"margin-left: 1em; margin-right: 1em;\"><img loading=\"lazy\" decoding=\"async\" border=\"0\" data-original-height=\"640\" data-original-width=\"640\" height=\"640\" src=\"http:\/\/blogdoedvaldomagalhaes.com.br\/wp-content\/uploads\/2018\/09\/IMG-20180912-WA0249.jpg\" width=\"640\" \/><\/a><\/div>\n<div class=\"separator\" style=\"clear: both; text-align: center;\">\nFoto: Reprodu\u00e7\u00e3o\/WhatsApp<\/div>\n<p><\/p>\n<div style=\"text-align: justify;\">\nO soldado Eriton de Oliveira Pereira, lotado no 24\u00ba BPM foi assassinado a tiros na noite desta quarta-feira (12), na rua Assis Severino Chagas, no bairro Cruz Alta,&nbsp; em Santa Cruz do Capibaribe, Agreste Pernambucano.<\/p>\n<\/div>\n<div style=\"text-align: justify;\">\n<div class=\"separator\" style=\"clear: both; text-align: center;\">\n<a href=\"https:\/\/3.bp.blogspot.com\/-bjQfmCMaqGU\/W5mh2wgJIeI\/AAAAAAAA54A\/CTVLZtLxmoYw1NTuI1OL23_3RIcKqSvTQCLcBGAs\/s1600\/foto.jpg\" imageanchor=\"1\" style=\"margin-left: 1em; margin-right: 1em;\"><img loading=\"lazy\" decoding=\"async\" border=\"0\" data-original-height=\"360\" data-original-width=\"640\" height=\"360\" src=\"http:\/\/blogdoedvaldomagalhaes.com.br\/wp-content\/uploads\/2018\/09\/foto-1.jpg\" width=\"640\" \/><\/a><\/div>\n<div class=\"separator\" style=\"clear: both; text-align: center;\">\nFoto do local do crime: Ademilton Silva (Agreg Imagem)<\/div>\n<p><\/div>\n<div style=\"text-align: justify;\">\nSegundo informa\u00e7\u00f5es da Pol\u00edcia Civil, o soldado Pereira chegou a ser socorrido para a Unidade de Pronto Atendimento (UPA 24h) do munic\u00edpio, mas n\u00e3o resistiu aos ferimentos.<\/div>\n<div style=\"text-align: justify;\">\n<\/div>\n<div style=\"text-align: justify;\">\nA motiva\u00e7\u00e3o e a autoria do crime s\u00e3o desconhecidas. Policiais do 24\u00ba BPM est\u00e3o realizando buscas, para prender os acusados. O corpo ser\u00e1 encaminhado para o IML de Caruaru.<\/div>\n","protected":false},"excerpt":{"rendered":"<p>Foto: Reprodu\u00e7\u00e3o\/WhatsApp O soldado Eriton de Oliveira Pereira, lotado no 24\u00ba BPM foi assassinado a tiros na noite desta quarta-feira&hellip;<\/p>\n","protected":false},"author":1,"featured_media":0,"comment_status":"open","ping_status":"open","sticky":false,"template":"","format":"standard","meta":{"footnotes":""},"categories":[1],"tags":[2,1282,13],"class_list":["post-1323","post","type-post","status-publish","format-standard","hentry","category-sem-categoria","tag-blog-do-edvaldo-magalhaes","tag-morre-na-upa-policial-militar-atingido-por-balas-em-santa-cruz-do-capibaribe","tag-policial"],"_links":{"self":[{"href":"https:\/\/blogdoedvaldomagalhaes.com.br\/index.php\/wp-json\/wp\/v2\/posts\/1323","targetHints":{"allow":["GET"]}}],"collection":[{"href":"https:\/\/blogdoedvaldomagalhaes.com.br\/index.php\/wp-json\/wp\/v2\/posts"}],"about":[{"href":"https:\/\/blogdoedvaldomagalhaes.com.br\/index.php\/wp-json\/wp\/v2\/types\/post"}],"author":[{"embeddable":true,"href":"https:\/\/blogdoedvaldomagalhaes.com.br\/index.php\/wp-json\/wp\/v2\/users\/1"}],"replies":[{"embeddable":true,"href":"https:\/\/blogdoedvaldomagalhaes.com.br\/index.php\/wp-json\/wp\/v2\/comments?post=1323"}],"version-history":[{"count":1,"href":"https:\/\/blogdoedvaldomagalhaes.com.br\/index.php\/wp-json\/wp\/v2\/posts\/1323\/revisions"}],"predecessor-version":[{"id":34044,"href":"https:\/\/blogdoedvaldomagalhaes.com.br\/index.php\/wp-json\/wp\/v2\/posts\/1323\/revisions\/34044"}],"wp:attachment":[{"href":"https:\/\/blogdoedvaldomagalhaes.com.br\/index.php\/wp-json\/wp\/v2\/media?parent=1323"}],"wp:term":[{"taxonomy":"category","embeddable":true,"href":"https:\/\/blogdoedvaldomagalhaes.com.br\/index.php\/wp-json\/wp\/v2\/categories?post=1323"},{"taxonomy":"post_tag","embeddable":true,"href":"https:\/\/blogdoedvaldomagalhaes.com.br\/index.php\/wp-json\/wp\/v2\/tags?post=1323"}],"curies":[{"name":"wp","href":"https:\/\/api.w.org\/{rel}","templated":true}]}}