{"id":1322,"date":"2018-09-12T23:45:00","date_gmt":"2018-09-13T02:45:00","guid":{"rendered":"http:\/\/blogdoedvaldomagalhaes.com.br\/index.php\/2018\/09\/12\/prefeita-raquel-lyra-consegue-aprovacao\/"},"modified":"2019-02-09T02:30:55","modified_gmt":"2019-02-09T04:30:55","slug":"prefeita-raquel-lyra-consegue-aprovacao","status":"publish","type":"post","link":"https:\/\/blogdoedvaldomagalhaes.com.br\/index.php\/2018\/09\/12\/prefeita-raquel-lyra-consegue-aprovacao\/","title":{"rendered":"Prefeita Raquel Lyra consegue aprova\u00e7\u00e3o de leis na C\u00e2mara voltadas para as mulheres"},"content":{"rendered":"<div class=\"separator\" style=\"clear: both; text-align: center;\">\n<a href=\"https:\/\/4.bp.blogspot.com\/-QYmuyR3oZ1w\/W5mk3PFG5EI\/AAAAAAAA54M\/VENAcCST1ZwsmKEkDNfMmBsEDI6ssFTAACLcBGAs\/s1600\/3.jpg\" imageanchor=\"1\" style=\"margin-left: 1em; margin-right: 1em;\"><img loading=\"lazy\" decoding=\"async\" border=\"0\" data-original-height=\"1068\" data-original-width=\"1600\" height=\"426\" src=\"http:\/\/blogdoedvaldomagalhaes.com.br\/wp-content\/uploads\/2018\/09\/3-3.jpg\" width=\"640\" \/><\/a><\/div>\n<div class=\"MsoNormal\" style=\"line-height: 14.65pt; margin: 0cm 14.1pt 0.0001pt 0cm; text-align: center;\">\nFotos: Vladimir Barreto Rodrigues e Jorge Farias<\/div>\n<div style=\"text-align: center;\">\n<\/div>\n<div style=\"text-align: justify;\">\nEm reuni\u00e3o ordin\u00e1ria realizada ontem, dia 11 de setembro, na C\u00e2mara Municipal de Vereadores de Caruaru, os parlamentares aprovaram \u2013 por unanimidade \u2013 dois Projetos de Lei propostos pela prefeita do munic\u00edpio, Raquel Lyra. Um deles estabelece pol\u00edticas p\u00fablicas de enfrentamento \u00e0 viol\u00eancia contra a mulher em situa\u00e7\u00e3o de vulnerabilidade social, que ap\u00f3s aprovado, se transformou na Lei 7.829 \/ 2018. O documento traz, entre os seus artigos, a obriga\u00e7\u00e3o de assegurar vagas em creches e escolas para as v\u00edtimas da viol\u00eancia familiar, que sejam pr\u00f3ximas \u00e0 resid\u00eancia da m\u00e3e solicitante, ou mesmo a transfer\u00eancia da crian\u00e7a de endere\u00e7o para assegurar a seguran\u00e7a da fam\u00edlia, caso seja necess\u00e1rio.<\/div>\n<div style=\"text-align: justify;\">\n<\/div>\n<div class=\"separator\" style=\"clear: both; text-align: center;\">\n<a href=\"https:\/\/1.bp.blogspot.com\/-BEW4PxmNwgs\/W5mlBb2oT9I\/AAAAAAAA54Q\/XNPcltNnuR02d5XmedSCIGACda0tOwhDgCLcBGAs\/s1600\/1.jpeg\" imageanchor=\"1\" style=\"margin-left: 1em; margin-right: 1em;\"><img loading=\"lazy\" decoding=\"async\" border=\"0\" data-original-height=\"411\" data-original-width=\"569\" height=\"462\" src=\"http:\/\/blogdoedvaldomagalhaes.com.br\/wp-content\/uploads\/2018\/09\/1-1.jpeg\" width=\"640\" \/><\/a><\/div>\n<div style=\"text-align: justify;\">\n<\/div>\n<div style=\"text-align: justify;\">\n<\/div>\n<div style=\"text-align: justify;\">\nO outro projeto alterou a Lei Municipal n\u00ba 4.928, de 05 de abril de 2010 e foi aprovado como Lei sob o n\u00famero 7.830\/2018, e passa a vigorar com a reestrutura\u00e7\u00e3o do Conselho Municipal da Mulher. A secret\u00e1ria de Desenvolvimento Social e Direitos Humanos, Perp\u00e9tua Dantas, que durante a se\u00e7\u00e3o ainda respondia pela Secretaria de Pol\u00edticas para Mulheres, participou da reuni\u00e3o plen\u00e1ria e falou sobre esse momento, que considerou hist\u00f3rico para as mulheres de Caruaru.<\/div>\n<div style=\"text-align: justify;\">\n<\/div>\n<div class=\"separator\" style=\"clear: both; text-align: center;\">\n<a href=\"https:\/\/4.bp.blogspot.com\/-gfkSNo0KC6I\/W5mlF4XxtNI\/AAAAAAAA54U\/7NxmzbPsOTMOg4tn8PGlOYetMqNfEBK0gCLcBGAs\/s1600\/2.jpeg\" imageanchor=\"1\" style=\"margin-left: 1em; margin-right: 1em;\"><img loading=\"lazy\" decoding=\"async\" border=\"0\" data-original-height=\"385\" data-original-width=\"566\" height=\"430\" src=\"http:\/\/blogdoedvaldomagalhaes.com.br\/wp-content\/uploads\/2018\/09\/2.jpeg\" width=\"640\" \/><\/a><\/div>\n<div style=\"text-align: justify;\">\n<\/div>\n<div style=\"text-align: justify;\">\n\u201cA pauta da cria\u00e7\u00e3o do conselho foi uma constru\u00e7\u00e3o coletiva com as mulheres de movimentos sociais, para que a gente consiga caminhar com as nossas pol\u00edticas p\u00fablicas de forma assegurada, atrav\u00e9s de um conselho forte e vinculado ao gabinete da prefeita, trabalhando lado a lado com a gest\u00e3o p\u00fablica. O outro projeto trata daquela mulher que est\u00e1 com a medida protetiva decretada, amea\u00e7ada de morte pelo parceiro, e que precisa ser inserida nos programas de assist\u00eancia social. O intuito \u00e9 reduzir riscos e danos, sem precisar estar pedindo favor a quem quer que seja, porque a gente est\u00e1 fazendo uma gest\u00e3o em que as mulheres t\u00eam vez e voz, e lei que garanta as pol\u00edticas p\u00fablicas para elas\u201d, ressaltou Perp\u00e9tua.&nbsp;<\/div>\n","protected":false},"excerpt":{"rendered":"<p>Fotos: Vladimir Barreto Rodrigues e Jorge Farias Em reuni\u00e3o ordin\u00e1ria realizada ontem, dia 11 de setembro, na C\u00e2mara Municipal de&hellip;<\/p>\n","protected":false},"author":1,"featured_media":0,"comment_status":"open","ping_status":"open","sticky":false,"template":"","format":"standard","meta":{"footnotes":""},"categories":[1],"tags":[2,20,1281],"class_list":["post-1322","post","type-post","status-publish","format-standard","hentry","category-sem-categoria","tag-blog-do-edvaldo-magalhaes","tag-politica","tag-prefeita-raquel-lyra-consegue-aprovacao-de-leis-na-camara-voltadas-para-as-mulheres"],"_links":{"self":[{"href":"https:\/\/blogdoedvaldomagalhaes.com.br\/index.php\/wp-json\/wp\/v2\/posts\/1322","targetHints":{"allow":["GET"]}}],"collection":[{"href":"https:\/\/blogdoedvaldomagalhaes.com.br\/index.php\/wp-json\/wp\/v2\/posts"}],"about":[{"href":"https:\/\/blogdoedvaldomagalhaes.com.br\/index.php\/wp-json\/wp\/v2\/types\/post"}],"author":[{"embeddable":true,"href":"https:\/\/blogdoedvaldomagalhaes.com.br\/index.php\/wp-json\/wp\/v2\/users\/1"}],"replies":[{"embeddable":true,"href":"https:\/\/blogdoedvaldomagalhaes.com.br\/index.php\/wp-json\/wp\/v2\/comments?post=1322"}],"version-history":[{"count":1,"href":"https:\/\/blogdoedvaldomagalhaes.com.br\/index.php\/wp-json\/wp\/v2\/posts\/1322\/revisions"}],"predecessor-version":[{"id":34048,"href":"https:\/\/blogdoedvaldomagalhaes.com.br\/index.php\/wp-json\/wp\/v2\/posts\/1322\/revisions\/34048"}],"wp:attachment":[{"href":"https:\/\/blogdoedvaldomagalhaes.com.br\/index.php\/wp-json\/wp\/v2\/media?parent=1322"}],"wp:term":[{"taxonomy":"category","embeddable":true,"href":"https:\/\/blogdoedvaldomagalhaes.com.br\/index.php\/wp-json\/wp\/v2\/categories?post=1322"},{"taxonomy":"post_tag","embeddable":true,"href":"https:\/\/blogdoedvaldomagalhaes.com.br\/index.php\/wp-json\/wp\/v2\/tags?post=1322"}],"curies":[{"name":"wp","href":"https:\/\/api.w.org\/{rel}","templated":true}]}}