{"id":1321,"date":"2018-09-13T02:41:00","date_gmt":"2018-09-13T05:41:00","guid":{"rendered":"http:\/\/blogdoedvaldomagalhaes.com.br\/index.php\/2018\/09\/13\/caldeira-de-lavanderia-explode-e-deixa\/"},"modified":"2019-02-09T02:30:56","modified_gmt":"2019-02-09T04:30:56","slug":"caldeira-de-lavanderia-explode-e-deixa","status":"publish","type":"post","link":"https:\/\/blogdoedvaldomagalhaes.com.br\/index.php\/2018\/09\/13\/caldeira-de-lavanderia-explode-e-deixa\/","title":{"rendered":"Caldeira de lavanderia explode e deixa v\u00edtima fatal na zona rural de Caruaru"},"content":{"rendered":"<div class=\"separator\" style=\"clear: both; text-align: center;\">\n<a href=\"https:\/\/4.bp.blogspot.com\/-5Qa1k8eUxCs\/W5nN6c8L5hI\/AAAAAAAA54k\/JSyXzHazGsYLoF-vGXqedKJfhRUcMx7-QCLcBGAs\/s1600\/IMG-20180912-WA0350.jpg\" imageanchor=\"1\" style=\"margin-left: 1em; margin-right: 1em;\"><img loading=\"lazy\" decoding=\"async\" border=\"0\" data-original-height=\"1032\" data-original-width=\"581\" height=\"640\" src=\"http:\/\/blogdoedvaldomagalhaes.com.br\/wp-content\/uploads\/2018\/09\/IMG-20180912-WA0350.jpg\" width=\"360\" \/><\/a><\/div>\n<div class=\"separator\" style=\"clear: both; text-align: center;\">\nFotos: Reprodu\u00e7\u00e3o\/WhatsApp<\/div>\n<div class=\"separator\" style=\"clear: both; text-align: center;\">\n<a href=\"https:\/\/1.bp.blogspot.com\/-Or6Q--dXoYc\/W5nZ5HXCaFI\/AAAAAAAA56M\/BWA-BIZolrkJwChaOI8kmZSdiNEip0h6QCLcBGAs\/s1600\/t%25C3%25A1.jpg\" imageanchor=\"1\" style=\"margin-left: 1em; margin-right: 1em;\"><img loading=\"lazy\" decoding=\"async\" border=\"0\" data-original-height=\"435\" data-original-width=\"312\" height=\"640\" src=\"http:\/\/blogdoedvaldomagalhaes.com.br\/wp-content\/uploads\/2018\/09\/tC3A1.jpg\" width=\"454\" \/><\/a><\/div>\n<div class=\"separator\" style=\"clear: both; text-align: center;\">\n<\/div>\n<p><\/p>\n<div style=\"text-align: justify;\">\nNa noite desta quarta-feira (12), uma caldeira da Lavanderia Coqueiral, que tem a organiza\u00e7\u00e3o de Cobra, explodiu na Vila Ju\u00e1, zona rural de Caruaru, tirando a vida de C\u00edcero Jos\u00e9 Bezerra, conhecido por Tita ou Finado, que trabalhava no local, outras pessoas ficaram feridas, sendo que Everton Felipe Ferreira da Silva (Guga), de 29 anos, foi socorrida em estado grave pelos Bombeiros para o Hospital Regional do Agreste (HRA). O Corpo de Bombeiros, o Samu e o BIEsp est\u00e3o no local, neste momento. A explos\u00e3o causou problemas nas casas vizinhas e a Defesa Civil foi acionada.&nbsp;<\/p>\n<div class=\"separator\" style=\"clear: both; text-align: center;\">\n<\/div>\n<p><\/p>\n<div class=\"separator\" style=\"clear: both; text-align: center;\">\n<a href=\"https:\/\/3.bp.blogspot.com\/-pBVf46rfSFY\/W5nZGXbRhMI\/AAAAAAAA56A\/m6qe2yO90m8Yp_yf71_obtqglXEKGS84gCLcBGAs\/s1600\/IMG-20180913-WA0008.jpg\" imageanchor=\"1\" style=\"margin-left: 1em; margin-right: 1em;\"><img loading=\"lazy\" decoding=\"async\" border=\"0\" data-original-height=\"1280\" data-original-width=\"720\" height=\"640\" src=\"http:\/\/blogdoedvaldomagalhaes.com.br\/wp-content\/uploads\/2018\/09\/IMG-20180913-WA0008.jpg\" width=\"360\" \/><\/a><\/div>\n<div class=\"separator\" style=\"clear: both; text-align: center;\">\nV\u00edtima fatal C\u00edcero Jos\u00e9 Bezerra<\/div>\n<div class=\"separator\" style=\"clear: both; text-align: center;\">\n<a href=\"https:\/\/4.bp.blogspot.com\/-VPLHTk4dhvw\/W5pDx-9QyBI\/AAAAAAAA56o\/-tlgZDDR4TMaL1BKQXuRWLET0TgZfESKgCLcBGAs\/s1600\/guga.jpg\" imageanchor=\"1\" style=\"margin-left: 1em; margin-right: 1em;\"><img loading=\"lazy\" decoding=\"async\" border=\"0\" data-original-height=\"303\" data-original-width=\"540\" height=\"358\" src=\"http:\/\/blogdoedvaldomagalhaes.com.br\/wp-content\/uploads\/2018\/09\/guga.jpg\" width=\"640\" \/><\/a><\/div>\n<div class=\"separator\" style=\"clear: both; text-align: center;\">\nFoto:&nbsp;Everton Felipe Ferreira da Silva<\/div>\n<div class=\"separator\" style=\"clear: both; text-align: center;\">\n<\/div>\n<div class=\"separator\" style=\"clear: both; text-align: justify;\">\nVeja os v\u00eddeos abaixo:&nbsp;<\/div>\n<div class=\"separator\" style=\"clear: both; text-align: justify;\">\n<\/div>\n<div class=\"separator\" style=\"clear: both; text-align: center;\">\n<\/div>\n<div class=\"separator\" style=\"clear: both; text-align: center;\">\n<\/div>\n<div class=\"separator\" style=\"clear: both; text-align: center;\">\n<\/div>\n<div class=\"separator\" style=\"clear: both; text-align: center;\">\n<\/div>\n<p>Veja o v\u00eddeo gravado na manh\u00e3 desta quinta-feira (13):<\/p>\n<div class=\"separator\" style=\"clear: both; text-align: center;\">\n<\/div>\n<p><\/p>\n<div class=\"separator\" style=\"clear: both; text-align: center;\">\n<\/div>\n<\/div>\n<div style=\"text-align: justify;\">\n<\/div>\n","protected":false},"excerpt":{"rendered":"<p>Fotos: Reprodu\u00e7\u00e3o\/WhatsApp Na noite desta quarta-feira (12), uma caldeira da Lavanderia Coqueiral, que tem a organiza\u00e7\u00e3o de Cobra, explodiu na&hellip;<\/p>\n","protected":false},"author":1,"featured_media":0,"comment_status":"open","ping_status":"open","sticky":false,"template":"","format":"standard","meta":{"footnotes":""},"categories":[1],"tags":[2,1280,6],"class_list":["post-1321","post","type-post","status-publish","format-standard","hentry","category-sem-categoria","tag-blog-do-edvaldo-magalhaes","tag-caldeira-de-lavanderia-explode-e-deixa-vitima-fatal-na-zona-rural-de-caruaru","tag-noticias"],"_links":{"self":[{"href":"https:\/\/blogdoedvaldomagalhaes.com.br\/index.php\/wp-json\/wp\/v2\/posts\/1321","targetHints":{"allow":["GET"]}}],"collection":[{"href":"https:\/\/blogdoedvaldomagalhaes.com.br\/index.php\/wp-json\/wp\/v2\/posts"}],"about":[{"href":"https:\/\/blogdoedvaldomagalhaes.com.br\/index.php\/wp-json\/wp\/v2\/types\/post"}],"author":[{"embeddable":true,"href":"https:\/\/blogdoedvaldomagalhaes.com.br\/index.php\/wp-json\/wp\/v2\/users\/1"}],"replies":[{"embeddable":true,"href":"https:\/\/blogdoedvaldomagalhaes.com.br\/index.php\/wp-json\/wp\/v2\/comments?post=1321"}],"version-history":[{"count":1,"href":"https:\/\/blogdoedvaldomagalhaes.com.br\/index.php\/wp-json\/wp\/v2\/posts\/1321\/revisions"}],"predecessor-version":[{"id":34053,"href":"https:\/\/blogdoedvaldomagalhaes.com.br\/index.php\/wp-json\/wp\/v2\/posts\/1321\/revisions\/34053"}],"wp:attachment":[{"href":"https:\/\/blogdoedvaldomagalhaes.com.br\/index.php\/wp-json\/wp\/v2\/media?parent=1321"}],"wp:term":[{"taxonomy":"category","embeddable":true,"href":"https:\/\/blogdoedvaldomagalhaes.com.br\/index.php\/wp-json\/wp\/v2\/categories?post=1321"},{"taxonomy":"post_tag","embeddable":true,"href":"https:\/\/blogdoedvaldomagalhaes.com.br\/index.php\/wp-json\/wp\/v2\/tags?post=1321"}],"curies":[{"name":"wp","href":"https:\/\/api.w.org\/{rel}","templated":true}]}}