{"id":1320,"date":"2018-09-13T02:49:00","date_gmt":"2018-09-13T05:49:00","guid":{"rendered":"http:\/\/blogdoedvaldomagalhaes.com.br\/index.php\/2018\/09\/13\/ambulancia-capota-na-br-232-e-deixa\/"},"modified":"2019-02-09T02:30:57","modified_gmt":"2019-02-09T04:30:57","slug":"ambulancia-capota-na-br-232-e-deixa","status":"publish","type":"post","link":"https:\/\/blogdoedvaldomagalhaes.com.br\/index.php\/2018\/09\/13\/ambulancia-capota-na-br-232-e-deixa\/","title":{"rendered":"Ambul\u00e2ncia capota na BR-232 e deixa feridos"},"content":{"rendered":"<div class=\"separator\" style=\"clear: both; text-align: center;\">\n<a href=\"https:\/\/2.bp.blogspot.com\/-ViuB33p8nOQ\/W5nP1Qx306I\/AAAAAAAA54w\/9D8GWgWazG8mECVI_2MWOtkN8r2d7QzlACLcBGAs\/s1600\/IMG-20180912-WA0133.jpg\" imageanchor=\"1\" style=\"margin-left: 1em; margin-right: 1em;\"><img loading=\"lazy\" decoding=\"async\" border=\"0\" data-original-height=\"780\" data-original-width=\"1040\" height=\"480\" src=\"http:\/\/blogdoedvaldomagalhaes.com.br\/wp-content\/uploads\/2018\/09\/IMG-20180912-WA0133.jpg\" width=\"640\" \/><\/a><\/div>\n<div class=\"separator\" style=\"clear: both; text-align: center;\">\nFotos: Reprodu\u00e7\u00e3o\/WhatsApp<\/div>\n<div class=\"separator\" style=\"clear: both; text-align: center;\">\n<\/div>\n<div class=\"separator\" style=\"clear: both; text-align: justify;\">\nO grave acidente ocorreu por volta das 21h20 desta quarta-feira (12), no quil\u00f4metro 11 da BR-232, sentido Interior\/Recife, precisamente no Distrito Industrial de Jaboat\u00e3o dos Guararapes, na Regi\u00e3o Metropolitana do Recife. Segundo informa\u00e7\u00f5es, o motorista da ambul\u00e2ncia perdeu o controle do ve\u00edculo, subiu na mureta de conten\u00e7\u00e3o da rodovia e capotou. A ambul\u00e2ncia transportava quatro pacientes, sendo duas gr\u00e1vidas, al\u00e9m de uma enfermeira e do pr\u00f3prio motorista. Todos ficaram feridos.<\/div>\n<div class=\"separator\" style=\"clear: both; text-align: center;\">\n<\/div>\n<div class=\"separator\" style=\"clear: both; text-align: center;\">\n<a href=\"https:\/\/2.bp.blogspot.com\/-9QXw7-63GS4\/W5nP3pDGXMI\/AAAAAAAA540\/Ptj_9ro93ewhO-iibK5sbzPDpZgLhK5YQCLcBGAs\/s1600\/IMG-20180912-WA0134.jpg\" imageanchor=\"1\" style=\"margin-left: 1em; margin-right: 1em;\"><img loading=\"lazy\" decoding=\"async\" border=\"0\" data-original-height=\"780\" data-original-width=\"1040\" height=\"480\" src=\"http:\/\/blogdoedvaldomagalhaes.com.br\/wp-content\/uploads\/2018\/09\/IMG-20180912-WA0134.jpg\" width=\"640\" \/><\/a><\/div>\n<p><\/p>\n<div class=\"separator\" style=\"clear: both; text-align: justify;\">\nDe acordo com informa\u00e7\u00f5es, a ambul\u00e2ncia saiu de Belo Jardim, no Agreste Pernambucano, levando pacientes para serem atendidos no Imip, no Recife.<\/div>\n<div class=\"separator\" style=\"clear: both; text-align: justify;\">\n.<\/div>\n<div class=\"separator\" style=\"clear: both; text-align: center;\">\n<a href=\"https:\/\/3.bp.blogspot.com\/-M_lbjmm29hc\/W5nP6Q8n8fI\/AAAAAAAA544\/E1r3ttq93U8DtpT1m4Lk_Yrq4Jn7zGklgCLcBGAs\/s1600\/IMG-20180912-WA0135.jpg\" imageanchor=\"1\" style=\"margin-left: 1em; margin-right: 1em;\"><img loading=\"lazy\" decoding=\"async\" border=\"0\" data-original-height=\"1032\" data-original-width=\"581\" height=\"640\" src=\"http:\/\/blogdoedvaldomagalhaes.com.br\/wp-content\/uploads\/2018\/09\/IMG-20180912-WA0135.jpg\" width=\"360\" \/><\/a><\/div>\n<div class=\"separator\" style=\"clear: both; text-align: center;\">\n<\/div>\n<div class=\"separator\" style=\"clear: both; text-align: justify;\">\nOito viaturas do Corpo de Bombeiros e Samu prestaram socorro as v\u00edtimas, que foram encaminhadas para o Hospital da restaura\u00e7\u00e3o (HR), no Recife.<\/div>\n<div class=\"separator\" style=\"clear: both; text-align: justify;\">\n<\/div>\n<div class=\"separator\" style=\"clear: both; text-align: justify;\">\nVeja o v\u00eddeo abaixo:&nbsp;<\/div>\n<div class=\"separator\" style=\"clear: both; text-align: justify;\">\n<\/div>\n<p><\/p>\n","protected":false},"excerpt":{"rendered":"<p>Fotos: Reprodu\u00e7\u00e3o\/WhatsApp O grave acidente ocorreu por volta das 21h20 desta quarta-feira (12), no quil\u00f4metro 11 da BR-232, sentido Interior\/Recife,&hellip;<\/p>\n","protected":false},"author":1,"featured_media":0,"comment_status":"open","ping_status":"open","sticky":false,"template":"","format":"standard","meta":{"footnotes":""},"categories":[1],"tags":[1279,2,6],"class_list":["post-1320","post","type-post","status-publish","format-standard","hentry","category-sem-categoria","tag-ambulancia-capota-na-br-232-e-deixa-feridos","tag-blog-do-edvaldo-magalhaes","tag-noticias"],"_links":{"self":[{"href":"https:\/\/blogdoedvaldomagalhaes.com.br\/index.php\/wp-json\/wp\/v2\/posts\/1320","targetHints":{"allow":["GET"]}}],"collection":[{"href":"https:\/\/blogdoedvaldomagalhaes.com.br\/index.php\/wp-json\/wp\/v2\/posts"}],"about":[{"href":"https:\/\/blogdoedvaldomagalhaes.com.br\/index.php\/wp-json\/wp\/v2\/types\/post"}],"author":[{"embeddable":true,"href":"https:\/\/blogdoedvaldomagalhaes.com.br\/index.php\/wp-json\/wp\/v2\/users\/1"}],"replies":[{"embeddable":true,"href":"https:\/\/blogdoedvaldomagalhaes.com.br\/index.php\/wp-json\/wp\/v2\/comments?post=1320"}],"version-history":[{"count":1,"href":"https:\/\/blogdoedvaldomagalhaes.com.br\/index.php\/wp-json\/wp\/v2\/posts\/1320\/revisions"}],"predecessor-version":[{"id":34057,"href":"https:\/\/blogdoedvaldomagalhaes.com.br\/index.php\/wp-json\/wp\/v2\/posts\/1320\/revisions\/34057"}],"wp:attachment":[{"href":"https:\/\/blogdoedvaldomagalhaes.com.br\/index.php\/wp-json\/wp\/v2\/media?parent=1320"}],"wp:term":[{"taxonomy":"category","embeddable":true,"href":"https:\/\/blogdoedvaldomagalhaes.com.br\/index.php\/wp-json\/wp\/v2\/categories?post=1320"},{"taxonomy":"post_tag","embeddable":true,"href":"https:\/\/blogdoedvaldomagalhaes.com.br\/index.php\/wp-json\/wp\/v2\/tags?post=1320"}],"curies":[{"name":"wp","href":"https:\/\/api.w.org\/{rel}","templated":true}]}}