{"id":1319,"date":"2018-09-13T10:43:00","date_gmt":"2018-09-13T13:43:00","guid":{"rendered":"http:\/\/blogdoedvaldomagalhaes.com.br\/index.php\/2018\/09\/13\/tres-irmaos-sao-baleados-e-dois-morre\/"},"modified":"2019-02-09T02:30:57","modified_gmt":"2019-02-09T04:30:57","slug":"tres-irmaos-sao-baleados-e-dois-morre","status":"publish","type":"post","link":"https:\/\/blogdoedvaldomagalhaes.com.br\/index.php\/2018\/09\/13\/tres-irmaos-sao-baleados-e-dois-morre\/","title":{"rendered":"Tr\u00eas irm\u00e3os s\u00e3o baleados e dois morrem em Brejo da Madre de Deus"},"content":{"rendered":"<div class=\"separator\" style=\"clear: both; text-align: center;\">\n<a href=\"https:\/\/1.bp.blogspot.com\/-OFaOqvPah58\/W5o_JzXzgyI\/AAAAAAAA56c\/PKuOy5MP0ZUnW5yofF8FBqcQzbmlcu9_ACLcBGAs\/s1600\/pm.jpeg\" imageanchor=\"1\" style=\"margin-left: 1em; margin-right: 1em;\"><img loading=\"lazy\" decoding=\"async\" border=\"0\" data-original-height=\"193\" data-original-width=\"300\" height=\"411\" src=\"http:\/\/blogdoedvaldomagalhaes.com.br\/wp-content\/uploads\/2018\/09\/pm.jpeg\" width=\"640\" \/><\/a><\/div>\n<div class=\"separator\" style=\"clear: both; text-align: center;\">\nFoto: Reprodu\u00e7\u00e3o\/WhatsApp<\/div>\n<p><\/p>\n<div style=\"background-color: white; box-sizing: border-box; line-height: 24px; margin-bottom: 10px; text-align: justify;\">\nTr\u00eas irm\u00e3os foram baleados na madrugada desta quinta-feira (13), em S\u00e3o Domingos, distrito de Brejo da Madre de Deus, Agreste de Pernambuco, e dois morreram.<\/div>\n<div style=\"background-color: white; box-sizing: border-box; line-height: 24px; margin-bottom: 10px; text-align: justify;\">\nJos\u00e9 Rob\u00e9rio da Silva, 22 anos; Jos\u00e9 Rodrigues da Silva, 19; e Jos\u00e9 Rafael da Silva, 17, foram surpreendidos quando estavam chegando em casa por elementos desconhecidos. Jos\u00e9 Rob\u00e9rio morreu no local e Jos\u00e9 Rodrigues faleceu na Policl\u00ednica de S\u00e3o Domingos. J\u00e1 Jos\u00e9 Rafael foi transferido em estado grave para o Hospital Regional do Agreste (HRA), em Caruaru.<\/div>\n<div style=\"background-color: white; box-sizing: border-box; line-height: 24px; margin-bottom: 10px; text-align: justify;\">\nOs corpos foram encaminhados para o Instituto de Medicina Legal (IML) de Caruaru. O caso ser\u00e1 investigado pela Delegacia de Santa Cruz do Capibaribe.<\/div>\n<div style=\"background-color: white; box-sizing: border-box; line-height: 24px; margin-bottom: 10px; text-align: justify;\">\nInforma\u00e7\u00f5es da R\u00e1dio Liberdade.<\/div>\n","protected":false},"excerpt":{"rendered":"<p>Foto: Reprodu\u00e7\u00e3o\/WhatsApp Tr\u00eas irm\u00e3os foram baleados na madrugada desta quinta-feira (13), em S\u00e3o Domingos, distrito de Brejo da Madre de&hellip;<\/p>\n","protected":false},"author":1,"featured_media":0,"comment_status":"open","ping_status":"open","sticky":false,"template":"","format":"standard","meta":{"footnotes":""},"categories":[1],"tags":[2,13,1278],"class_list":["post-1319","post","type-post","status-publish","format-standard","hentry","category-sem-categoria","tag-blog-do-edvaldo-magalhaes","tag-policial","tag-tres-irmaos-sao-baleados-e-dois-morrem-em-brejo-da-madre-de-deus"],"_links":{"self":[{"href":"https:\/\/blogdoedvaldomagalhaes.com.br\/index.php\/wp-json\/wp\/v2\/posts\/1319","targetHints":{"allow":["GET"]}}],"collection":[{"href":"https:\/\/blogdoedvaldomagalhaes.com.br\/index.php\/wp-json\/wp\/v2\/posts"}],"about":[{"href":"https:\/\/blogdoedvaldomagalhaes.com.br\/index.php\/wp-json\/wp\/v2\/types\/post"}],"author":[{"embeddable":true,"href":"https:\/\/blogdoedvaldomagalhaes.com.br\/index.php\/wp-json\/wp\/v2\/users\/1"}],"replies":[{"embeddable":true,"href":"https:\/\/blogdoedvaldomagalhaes.com.br\/index.php\/wp-json\/wp\/v2\/comments?post=1319"}],"version-history":[{"count":1,"href":"https:\/\/blogdoedvaldomagalhaes.com.br\/index.php\/wp-json\/wp\/v2\/posts\/1319\/revisions"}],"predecessor-version":[{"id":34059,"href":"https:\/\/blogdoedvaldomagalhaes.com.br\/index.php\/wp-json\/wp\/v2\/posts\/1319\/revisions\/34059"}],"wp:attachment":[{"href":"https:\/\/blogdoedvaldomagalhaes.com.br\/index.php\/wp-json\/wp\/v2\/media?parent=1319"}],"wp:term":[{"taxonomy":"category","embeddable":true,"href":"https:\/\/blogdoedvaldomagalhaes.com.br\/index.php\/wp-json\/wp\/v2\/categories?post=1319"},{"taxonomy":"post_tag","embeddable":true,"href":"https:\/\/blogdoedvaldomagalhaes.com.br\/index.php\/wp-json\/wp\/v2\/tags?post=1319"}],"curies":[{"name":"wp","href":"https:\/\/api.w.org\/{rel}","templated":true}]}}