{"id":1317,"date":"2018-09-13T16:01:00","date_gmt":"2018-09-13T19:01:00","guid":{"rendered":"http:\/\/blogdoedvaldomagalhaes.com.br\/index.php\/2018\/09\/13\/espinguarda-do-cordel-comemora-uma\/"},"modified":"2019-02-09T02:31:00","modified_gmt":"2019-02-09T04:31:00","slug":"espinguarda-do-cordel-comemora-uma","status":"publish","type":"post","link":"https:\/\/blogdoedvaldomagalhaes.com.br\/index.php\/2018\/09\/13\/espinguarda-do-cordel-comemora-uma\/","title":{"rendered":"Espinguarda do Cordel comemora uma d\u00e9cada de poesia"},"content":{"rendered":"<div class=\"separator\" style=\"clear: both; text-align: center;\">\n<a href=\"https:\/\/3.bp.blogspot.com\/-5HEQTYwF8X8\/W5qJkjt2hKI\/AAAAAAAA57I\/aWZu6_bvOnkOnrGeiYmhYaK7zWFoDRzKwCLcBGAs\/s1600\/cordel.jpg\" imageanchor=\"1\" style=\"margin-left: 1em; margin-right: 1em;\"><img loading=\"lazy\" decoding=\"async\" border=\"0\" data-original-height=\"465\" data-original-width=\"620\" height=\"480\" src=\"http:\/\/blogdoedvaldomagalhaes.com.br\/wp-content\/uploads\/2018\/09\/cordel.jpg\" width=\"640\" \/><\/a><\/div>\n<div style=\"background: white; margin-bottom: 8.0pt; margin-left: 0cm; margin-right: 0cm; margin-top: 0cm; mso-line-height-alt: 12.6pt; text-align: justify;\">\n<\/div>\n<div style=\"background: white; margin-bottom: 8.0pt; margin-left: 0cm; margin-right: 0cm; margin-top: 0cm; mso-line-height-alt: 12.6pt; text-align: justify;\">\nO<br \/>\ncordelista Jos\u00e9 Ant\u00f4nio, mais conhecido artisticamente como &#8220;Espingarda do<br \/>\ncordel&#8221; \u00e9 uma das maiores refer\u00eancias da nova gera\u00e7\u00e3o da literatura de<br \/>\ncordel no Nordeste brasileiro. Com 26 anos, ele completa dez anos de poesia<br \/>\npopular com um festival de violeiros, intitulado \u2018Sexta de Repente\u2019, que<br \/>\nacontecer\u00e1 nesta sexta-feira, dia 14, em Caruaru.<\/div>\n<div style=\"-webkit-text-stroke-width: 0px; background: white; font-variant-caps: normal; font-variant-ligatures: normal; margin-bottom: 8.0pt; margin-left: 0cm; margin-right: 0cm; margin-top: 0cm; mso-line-height-alt: 12.6pt; orphans: 2; text-align: justify; text-decoration-color: initial; text-decoration-style: initial; widows: 2; word-spacing: 0px;\">\nO<br \/>\nfestival contar\u00e1 com a participa\u00e7\u00e3o de tr\u00eas das maiores duplas de cantadores da<br \/>\natualidade: Raullino Silva e Z\u00e9 Viola; Ivanildo Vilanova e Rog\u00e9rio Meneses; e<br \/>\nJo\u00e3o L\u00eddio e Jo\u00e3o Louren\u00e7o. Os declamadores Raud\u00eanio Lima e Iponax Vilanova<br \/>\ntamb\u00e9m far\u00e3o parte da programa\u00e7\u00e3o. O festival come\u00e7ar\u00e1 \u00e0s 20h, no Porto<br \/>\nRecep\u00e7\u00f5es, na Pra\u00e7a 14 de Julho, 1\u00ba andar, centro de Caruaru.<\/div>\n<div style=\"-webkit-text-stroke-width: 0px; background: white; font-variant-caps: normal; font-variant-ligatures: normal; margin-bottom: 8.0pt; margin-left: 0cm; margin-right: 0cm; margin-top: 0cm; mso-line-height-alt: 12.6pt; orphans: 2; text-align: justify; text-decoration-color: initial; text-decoration-style: initial; widows: 2; word-spacing: 0px;\">\nAl\u00e9m<br \/>\ndo evento, Espingarda do Cordel est\u00e1 programando uma s\u00e9rie de atividades que<br \/>\nocorrer\u00e3o at\u00e9 o fim do ano, no intuito de celebrar seus primeiros dez anos de<br \/>\npoesia. Ele est\u00e1 desenvolvendo trabalhos em xilogravura, e preparando um novo<br \/>\nCD de declama\u00e7\u00f5es, al\u00e9m de uma cole\u00e7\u00e3o de cord\u00e9is.<\/div>\n<div style=\"-webkit-text-stroke-width: 0px; background: white; font-variant-caps: normal; font-variant-ligatures: normal; margin-bottom: 8.0pt; margin-left: 0cm; margin-right: 0cm; margin-top: 0cm; mso-line-height-alt: 12.6pt; orphans: 2; text-align: justify; text-decoration-color: initial; text-decoration-style: initial; widows: 2; word-spacing: 0px;\">\nAo<br \/>\nlongo desses anos, Espingarda j\u00e1 se apresentou nos mais importantes palcos da<br \/>\npoesia popular, ao lado de expoentes da cantoria e do cordel. Ele gravou o CD<br \/>\n\u2018Na mira da poesia\u2019, lan\u00e7ou a s\u00e9rie \u2018Viva Cordel\u2019, e participou de colet\u00e2neas<br \/>\ncomo \u2018Fabulando em Poesia\u2019, al\u00e9m de ter ministrado palestras e oficinas sobre<br \/>\ncordel e xilogravura em v\u00e1rias faculdades e escolas de Caruaru e da regi\u00e3o.<\/div>\n","protected":false},"excerpt":{"rendered":"<p>O cordelista Jos\u00e9 Ant\u00f4nio, mais conhecido artisticamente como &#8220;Espingarda do cordel&#8221; \u00e9 uma das maiores refer\u00eancias da nova gera\u00e7\u00e3o da&hellip;<\/p>\n","protected":false},"author":1,"featured_media":0,"comment_status":"open","ping_status":"open","sticky":false,"template":"","format":"standard","meta":{"footnotes":""},"categories":[1],"tags":[2,1276,6],"class_list":["post-1317","post","type-post","status-publish","format-standard","hentry","category-sem-categoria","tag-blog-do-edvaldo-magalhaes","tag-espinguarda-do-cordel-comemora-uma-decada-de-poesia","tag-noticias"],"_links":{"self":[{"href":"https:\/\/blogdoedvaldomagalhaes.com.br\/index.php\/wp-json\/wp\/v2\/posts\/1317","targetHints":{"allow":["GET"]}}],"collection":[{"href":"https:\/\/blogdoedvaldomagalhaes.com.br\/index.php\/wp-json\/wp\/v2\/posts"}],"about":[{"href":"https:\/\/blogdoedvaldomagalhaes.com.br\/index.php\/wp-json\/wp\/v2\/types\/post"}],"author":[{"embeddable":true,"href":"https:\/\/blogdoedvaldomagalhaes.com.br\/index.php\/wp-json\/wp\/v2\/users\/1"}],"replies":[{"embeddable":true,"href":"https:\/\/blogdoedvaldomagalhaes.com.br\/index.php\/wp-json\/wp\/v2\/comments?post=1317"}],"version-history":[{"count":1,"href":"https:\/\/blogdoedvaldomagalhaes.com.br\/index.php\/wp-json\/wp\/v2\/posts\/1317\/revisions"}],"predecessor-version":[{"id":34064,"href":"https:\/\/blogdoedvaldomagalhaes.com.br\/index.php\/wp-json\/wp\/v2\/posts\/1317\/revisions\/34064"}],"wp:attachment":[{"href":"https:\/\/blogdoedvaldomagalhaes.com.br\/index.php\/wp-json\/wp\/v2\/media?parent=1317"}],"wp:term":[{"taxonomy":"category","embeddable":true,"href":"https:\/\/blogdoedvaldomagalhaes.com.br\/index.php\/wp-json\/wp\/v2\/categories?post=1317"},{"taxonomy":"post_tag","embeddable":true,"href":"https:\/\/blogdoedvaldomagalhaes.com.br\/index.php\/wp-json\/wp\/v2\/tags?post=1317"}],"curies":[{"name":"wp","href":"https:\/\/api.w.org\/{rel}","templated":true}]}}