{"id":1316,"date":"2018-09-14T01:25:00","date_gmt":"2018-09-14T04:25:00","guid":{"rendered":"http:\/\/blogdoedvaldomagalhaes.com.br\/index.php\/2018\/09\/14\/quase-500-veiculos-serao-leiloados-pelo\/"},"modified":"2019-02-09T02:31:00","modified_gmt":"2019-02-09T04:31:00","slug":"quase-500-veiculos-serao-leiloados-pelo","status":"publish","type":"post","link":"https:\/\/blogdoedvaldomagalhaes.com.br\/index.php\/2018\/09\/14\/quase-500-veiculos-serao-leiloados-pelo\/","title":{"rendered":"Quase 500 ve\u00edculos ser\u00e3o leiloados pelo DETRAN nesta sexta-feira"},"content":{"rendered":"<div class=\"separator\" style=\"clear: both; text-align: center;\">\n<a href=\"https:\/\/1.bp.blogspot.com\/-CunBRfbNtt0\/W5sODCTgV9I\/AAAAAAAA57c\/T7Tw4j54dBoRxaSwkrJ62ic2W1i5JvmXwCLcBGAs\/s1600\/detran.jpg\" imageanchor=\"1\" style=\"margin-left: 1em; margin-right: 1em;\"><img loading=\"lazy\" decoding=\"async\" border=\"0\" data-original-height=\"333\" data-original-width=\"500\" height=\"426\" src=\"http:\/\/blogdoedvaldomagalhaes.com.br\/wp-content\/uploads\/2018\/09\/detran.jpg\" width=\"640\" \/><\/a><\/div>\n<div class=\"separator\" style=\"clear: both; text-align: center;\">\nFoto: Paulo Maciel<\/div>\n<div style=\"background-color: white; box-sizing: border-box; line-height: 24px; margin-bottom: 10px; text-align: justify;\">\n<\/div>\n<div style=\"background-color: white; box-sizing: border-box; line-height: 24px; margin-bottom: 10px; text-align: justify;\">\nO Departamento Estadual de Tr\u00e2nsito de Pernambuco (DETRAN) realiza, nesta sexta-feira (14), o leil\u00e3o de 494 ve\u00edculos, entre carros e motos, para lances no valor m\u00ednimo em torno de 100 reais. O leil\u00e3o come\u00e7a \u00e0s 9h, no p\u00e1tio da empresa Coliseum, em Vit\u00f3ria de Santo Ant\u00e3o.<\/div>\n<div style=\"background-color: white; box-sizing: border-box; line-height: 24px; margin-bottom: 10px; text-align: justify;\">\nOs ve\u00edculos s\u00e3o divididos entre recuper\u00e1veis, quando aptos a retornar \u00e0s ruas, e irrecuper\u00e1veis, popularmente chamados de sucata.<\/div>\n<div style=\"background-color: white; box-sizing: border-box; line-height: 24px; margin-bottom: 10px; text-align: justify;\">\nO edital, contendo as informa\u00e7\u00f5es gerais sobre o leil\u00e3o, a exemplo das normas, documenta\u00e7\u00e3o exigida e taxas de administra\u00e7\u00e3o a serem pagas pelos arrematantes, pode ser acessado no site do DETRAN:&nbsp;<a data-saferedirecturl=\"https:\/\/www.google.com\/url?hl=pt-BR&amp;q=http:\/\/www.detran.pe.gov.br\/&amp;source=gmail&amp;ust=1536871340118000&amp;usg=AFQjCNFQstFd49YB_SodfYJdNe_MwGj3mA\" href=\"http:\/\/www.detran.pe.gov.br\/\" style=\"background-color: transparent; box-sizing: border-box; text-decoration-line: none; transition: all 0.3s ease 0s;\">(<strong style=\"box-sizing: border-box;\">detran.pe.gov.br<\/strong><\/a>).<\/div>\n","protected":false},"excerpt":{"rendered":"<p>Foto: Paulo Maciel O Departamento Estadual de Tr\u00e2nsito de Pernambuco (DETRAN) realiza, nesta sexta-feira (14), o leil\u00e3o de 494 ve\u00edculos,&hellip;<\/p>\n","protected":false},"author":1,"featured_media":0,"comment_status":"open","ping_status":"open","sticky":false,"template":"","format":"standard","meta":{"footnotes":""},"categories":[1],"tags":[2,6,1275],"class_list":["post-1316","post","type-post","status-publish","format-standard","hentry","category-sem-categoria","tag-blog-do-edvaldo-magalhaes","tag-noticias","tag-quase-500-veiculos-serao-leiloados-pelo-detran-nesta-sexta-feira"],"_links":{"self":[{"href":"https:\/\/blogdoedvaldomagalhaes.com.br\/index.php\/wp-json\/wp\/v2\/posts\/1316","targetHints":{"allow":["GET"]}}],"collection":[{"href":"https:\/\/blogdoedvaldomagalhaes.com.br\/index.php\/wp-json\/wp\/v2\/posts"}],"about":[{"href":"https:\/\/blogdoedvaldomagalhaes.com.br\/index.php\/wp-json\/wp\/v2\/types\/post"}],"author":[{"embeddable":true,"href":"https:\/\/blogdoedvaldomagalhaes.com.br\/index.php\/wp-json\/wp\/v2\/users\/1"}],"replies":[{"embeddable":true,"href":"https:\/\/blogdoedvaldomagalhaes.com.br\/index.php\/wp-json\/wp\/v2\/comments?post=1316"}],"version-history":[{"count":1,"href":"https:\/\/blogdoedvaldomagalhaes.com.br\/index.php\/wp-json\/wp\/v2\/posts\/1316\/revisions"}],"predecessor-version":[{"id":34066,"href":"https:\/\/blogdoedvaldomagalhaes.com.br\/index.php\/wp-json\/wp\/v2\/posts\/1316\/revisions\/34066"}],"wp:attachment":[{"href":"https:\/\/blogdoedvaldomagalhaes.com.br\/index.php\/wp-json\/wp\/v2\/media?parent=1316"}],"wp:term":[{"taxonomy":"category","embeddable":true,"href":"https:\/\/blogdoedvaldomagalhaes.com.br\/index.php\/wp-json\/wp\/v2\/categories?post=1316"},{"taxonomy":"post_tag","embeddable":true,"href":"https:\/\/blogdoedvaldomagalhaes.com.br\/index.php\/wp-json\/wp\/v2\/tags?post=1316"}],"curies":[{"name":"wp","href":"https:\/\/api.w.org\/{rel}","templated":true}]}}