{"id":1315,"date":"2018-09-14T01:27:00","date_gmt":"2018-09-14T04:27:00","guid":{"rendered":"http:\/\/blogdoedvaldomagalhaes.com.br\/index.php\/2018\/09\/14\/reeducandos-trabalham-na-central-de\/"},"modified":"2019-02-09T02:31:00","modified_gmt":"2019-02-09T04:31:00","slug":"reeducandos-trabalham-na-central-de","status":"publish","type":"post","link":"https:\/\/blogdoedvaldomagalhaes.com.br\/index.php\/2018\/09\/14\/reeducandos-trabalham-na-central-de\/","title":{"rendered":"Reeducandos trabalham na Central de Abastecimento de Caruaru"},"content":{"rendered":"<div class=\"separator\" style=\"clear: both; text-align: center;\">\n<a href=\"https:\/\/2.bp.blogspot.com\/-o3Xm2o2fJbQ\/W5sOYOGAH4I\/AAAAAAAA57k\/jfz10veAbI4mRrhL_afhAHww-OOjraLigCLcBGAs\/s1600\/eles.jpg\" imageanchor=\"1\" style=\"margin-left: 1em; margin-right: 1em;\"><img loading=\"lazy\" decoding=\"async\" border=\"0\" data-original-height=\"300\" data-original-width=\"285\" height=\"640\" src=\"http:\/\/blogdoedvaldomagalhaes.com.br\/wp-content\/uploads\/2018\/09\/eles-3.jpg\" width=\"608\" \/><\/a><\/div>\n<p><\/p>\n<div style=\"background-color: white; box-sizing: border-box; line-height: 24px; margin-bottom: 10px; text-align: justify;\">\nQuem frequenta a Central de Abastecimento de Caruaru (Ceaca) n\u00e3o imagina, mas o estabelecimento comercial tamb\u00e9m d\u00e1 espa\u00e7o para o recome\u00e7o. Desde julho deste ano, cinco reeducandos que cumprem pena no regime aberto trabalham na central.<\/div>\n<div style=\"background-color: white; box-sizing: border-box; line-height: 24px; margin-bottom: 10px; text-align: justify;\">\nO grupo trabalha nos servi\u00e7os gerais e \u00e9 assistido pela Secretaria de Justi\u00e7a e Direitos Humanos, atrav\u00e9s do Patronato Penitenci\u00e1rio, que exerce as&nbsp;fun\u00e7\u00f5es de acompanhamento de processos, aten\u00e7\u00e3o psicossocial e pedag\u00f3gica aos egressos do sistema prisional.<\/div>\n<div style=\"background-color: white; box-sizing: border-box; line-height: 24px; margin-bottom: 10px; text-align: justify;\">\nOs trabalhadores varrem, capinam e s\u00e3o respons\u00e1veis por parte da limpeza da Ceaca. Eles recebem um sal\u00e1rio m\u00ednimo e trabalham oito horas por dia. As oportunidades s\u00e3o frutos da parceria entre o Governo de Pernambuco e a Prefeitura de Caruaru.<\/div>\n","protected":false},"excerpt":{"rendered":"<p>Quem frequenta a Central de Abastecimento de Caruaru (Ceaca) n\u00e3o imagina, mas o estabelecimento comercial tamb\u00e9m d\u00e1 espa\u00e7o para o&hellip;<\/p>\n","protected":false},"author":1,"featured_media":0,"comment_status":"open","ping_status":"open","sticky":false,"template":"","format":"standard","meta":{"footnotes":""},"categories":[1],"tags":[2,6,1274],"class_list":["post-1315","post","type-post","status-publish","format-standard","hentry","category-sem-categoria","tag-blog-do-edvaldo-magalhaes","tag-noticias","tag-reeducandos-trabalham-na-central-de-abastecimento-de-caruaru"],"_links":{"self":[{"href":"https:\/\/blogdoedvaldomagalhaes.com.br\/index.php\/wp-json\/wp\/v2\/posts\/1315","targetHints":{"allow":["GET"]}}],"collection":[{"href":"https:\/\/blogdoedvaldomagalhaes.com.br\/index.php\/wp-json\/wp\/v2\/posts"}],"about":[{"href":"https:\/\/blogdoedvaldomagalhaes.com.br\/index.php\/wp-json\/wp\/v2\/types\/post"}],"author":[{"embeddable":true,"href":"https:\/\/blogdoedvaldomagalhaes.com.br\/index.php\/wp-json\/wp\/v2\/users\/1"}],"replies":[{"embeddable":true,"href":"https:\/\/blogdoedvaldomagalhaes.com.br\/index.php\/wp-json\/wp\/v2\/comments?post=1315"}],"version-history":[{"count":1,"href":"https:\/\/blogdoedvaldomagalhaes.com.br\/index.php\/wp-json\/wp\/v2\/posts\/1315\/revisions"}],"predecessor-version":[{"id":34068,"href":"https:\/\/blogdoedvaldomagalhaes.com.br\/index.php\/wp-json\/wp\/v2\/posts\/1315\/revisions\/34068"}],"wp:attachment":[{"href":"https:\/\/blogdoedvaldomagalhaes.com.br\/index.php\/wp-json\/wp\/v2\/media?parent=1315"}],"wp:term":[{"taxonomy":"category","embeddable":true,"href":"https:\/\/blogdoedvaldomagalhaes.com.br\/index.php\/wp-json\/wp\/v2\/categories?post=1315"},{"taxonomy":"post_tag","embeddable":true,"href":"https:\/\/blogdoedvaldomagalhaes.com.br\/index.php\/wp-json\/wp\/v2\/tags?post=1315"}],"curies":[{"name":"wp","href":"https:\/\/api.w.org\/{rel}","templated":true}]}}