{"id":1314,"date":"2018-09-14T02:00:00","date_gmt":"2018-09-14T05:00:00","guid":{"rendered":"http:\/\/blogdoedvaldomagalhaes.com.br\/index.php\/2018\/09\/14\/secretarias-municipais-de-caruaru\/"},"modified":"2019-02-09T02:31:01","modified_gmt":"2019-02-09T04:31:01","slug":"secretarias-municipais-de-caruaru","status":"publish","type":"post","link":"https:\/\/blogdoedvaldomagalhaes.com.br\/index.php\/2018\/09\/14\/secretarias-municipais-de-caruaru\/","title":{"rendered":"Secretarias municipais de Caruaru promovem blitz do Setembro Amarelo"},"content":{"rendered":"<div class=\"separator\" style=\"clear: both; text-align: center;\">\n<a href=\"https:\/\/3.bp.blogspot.com\/-aaQFAppsAxE\/W5sV5ScmcKI\/AAAAAAAA574\/eD40-YLnaUg5zxhpLAkrYL1IpscKZa-KwCLcBGAs\/s1600\/setembro%255B.jpeg\" imageanchor=\"1\" style=\"margin-left: 1em; margin-right: 1em;\"><img loading=\"lazy\" decoding=\"async\" border=\"0\" data-original-height=\"1280\" data-original-width=\"914\" height=\"640\" src=\"http:\/\/blogdoedvaldomagalhaes.com.br\/wp-content\/uploads\/2018\/09\/setembro5B.jpeg\" width=\"452\" \/><\/a><\/div>\n<div style=\"text-align: justify;\">\n<\/div>\n<div style=\"text-align: justify;\">\nComo parte da programa\u00e7\u00e3o do Setembro Amarelo, alusivo ao Dia Internacional de Combate e Preven\u00e7\u00e3o ao Suic\u00eddio, pontuado na \u00faltima segunda-feira (10), as secretarias de Desenvolvimento Social e Direitos Humanos, Sa\u00fade, Educa\u00e7\u00e3o e de Pol\u00edtica para Mulheres de Caruaru estar\u00e3o promovendo uma a\u00e7\u00e3o de panfletagem nesta sexta-feira (14) no Espa\u00e7o Major Clementino (ao lado do Grande Hotel). O material a ser distribu\u00eddo traz informa\u00e7\u00f5es de alerta e responsabilidade que cada pessoa deve ter com a pr\u00f3pria vida e com a vida do pr\u00f3ximo.<\/div>\n<div style=\"text-align: justify;\">\n<\/div>\n<div style=\"text-align: justify;\">\nA a\u00e7\u00e3o faz parte de uma s\u00e9rie de atividades alusivas ao Setembro Amarelo, que v\u00eam sendo desenvolvidas atrav\u00e9s de um trabalho integrado e intersetorial da Prefeitura de Caruaru, que se estende para os servi\u00e7os das secretarias envolvidas, tais como Cras, USF\u2019S, NASF\u2019s, Caps e escolas. Na sexta-feira da pr\u00f3xima semana, 21 de setembro, ser\u00e1 a vez de reunir psic\u00f3logos, psiquiatras, assistentes sociais, pedagogos e acad\u00eamicos no II F\u00f3rum de Combate e Preven\u00e7\u00e3o ao Suic\u00eddio de Caruaru, previsto para acontecer das 08h \u00e0s 12h, no audit\u00f3rio da Unifavip.<\/div>\n<div style=\"text-align: justify;\">\n<\/div>\n<div style=\"text-align: justify;\">\nNos Centros de Refer\u00eancia de Assist\u00eancia Social (CRAS), as atividades iniciaram no \u00faltimo dia cinco deste m\u00eas na unidade de Pau Santo, Zona Rural do munic\u00edpio, com palestra para aquela comunidade. Outras sete unidades entraram na programa\u00e7\u00e3o das rodas de di\u00e1logos que est\u00e3o sendo realizadas sobre preven\u00e7\u00e3o ao suic\u00eddio para os usu\u00e1rios de programas sociais como \u201cLeite para Todos\u201d e \u201cCad\u00danico\u201d, nos CRAS Bonan\u00e7a, Xicuru, Ita\u00fana, Taquara, Salgado, Malhada de Pedra e Maria Auxiliadora.&nbsp;<\/div>\n<div style=\"text-align: justify;\">\n<\/div>\n<div style=\"text-align: justify;\">\n<b>Di\u00e1logo preventivo<\/b><\/div>\n<div style=\"text-align: justify;\">\n<\/div>\n<div style=\"text-align: justify;\">\nO Setembro Amarelo \u00e9 uma campanha criada com o intuito de informar as pessoas sobre o suic\u00eddio, uma pr\u00e1tica que normalmente \u00e9 motivada pela depress\u00e3o e que mesmo com tantos casos not\u00f3rios crescentes a cada ano, ainda existe uma expressiva barreira para falar sobre o problema.<\/div>\n<div style=\"text-align: justify;\">\n<\/div>\n<div style=\"text-align: justify;\">\nO principal objetivo da campanha \u00e9 a conscientiza\u00e7\u00e3o sobre a preven\u00e7\u00e3o do suic\u00eddio, buscando alertar a popula\u00e7\u00e3o a respeito da realidade da pr\u00e1tica no Brasil e em todo o mundo. Para o Setembro Amarelo, a melhor forma de se evitar um suic\u00eddio \u00e9 atrav\u00e9s de di\u00e1logos e discuss\u00f5es que abordem o problema. Por isso, que durante todo o m\u00eas de setembro, s\u00e3o realizadas diversas a\u00e7\u00f5es a fim de sensibilizar a popula\u00e7\u00e3o e os profissionais da \u00e1rea de sa\u00fade para os sintomas desse problema e para a sa\u00fade mental, fazendo-os entender que isso tamb\u00e9m \u00e9 uma quest\u00e3o de sa\u00fade p\u00fablica.<\/div>\n<div style=\"text-align: justify;\">\n<\/div>\n<div style=\"text-align: justify;\">\n<b>N\u00fameros alarmantes<\/b><\/div>\n<div style=\"text-align: justify;\">\n<\/div>\n<div style=\"text-align: justify;\">\nDurante todo o m\u00eas de setembro, diversas a\u00e7\u00f5es s\u00e3o realizadas no Brasil e no mundo com o objetivo de alertar a popula\u00e7\u00e3o a respeito do suic\u00eddio, j\u00e1 que a pr\u00e1tica \u00e9 a segunda principal causa de morte entre os jovens de 15 \u00e0 29 anos.&nbsp;<\/div>\n<div style=\"text-align: justify;\">\n<\/div>\n<div style=\"text-align: justify;\">\nA rejei\u00e7\u00e3o da sociedade por conta da orienta\u00e7\u00e3o sexual pode ser um dos fatores para desencadear a depress\u00e3o nos gays, resultando muitas vezes em epis\u00f3dios de suic\u00eddio. \u00c9 o que revelou uma pesquisa realizada pela University College Cork, na Irlanda, e publicada no Journal of the American Medical Association, onde cerca de 40% dos homossexuais adolescentes afirmaram que j\u00e1 pensaram, planejaram e at\u00e9 tentaram dar fim \u00e0 pr\u00f3pria vida por conta da sexualidade.&nbsp;<\/div>\n<div style=\"text-align: justify;\">\n<\/div>\n<div style=\"text-align: justify;\">\nEsse n\u00famero cai para 15% para aqueles que se identificam como heterossexuais. O desejo suicida \u00e9 maior entre as mulheres l\u00e9sbicas. Para nos bissexuais, a mesma situa\u00e7\u00e3o se apresenta para 30% dos participantes da pesquisa, desta parcela, 46% dos entrevistados afirmaram ter tido pensamentos suicidas em 2017. O relat\u00f3rio ouviu 15.624 adolescentes LGBT.<\/div>\n<div style=\"text-align: justify;\">\n<\/div>\n","protected":false},"excerpt":{"rendered":"<p>Como parte da programa\u00e7\u00e3o do Setembro Amarelo, alusivo ao Dia Internacional de Combate e Preven\u00e7\u00e3o ao Suic\u00eddio, pontuado na \u00faltima&hellip;<\/p>\n","protected":false},"author":1,"featured_media":0,"comment_status":"open","ping_status":"open","sticky":false,"template":"","format":"standard","meta":{"footnotes":""},"categories":[1],"tags":[2,6,1273],"class_list":["post-1314","post","type-post","status-publish","format-standard","hentry","category-sem-categoria","tag-blog-do-edvaldo-magalhaes","tag-noticias","tag-secretarias-municipais-de-caruaru-promovem-blitz-do-setembro-amarelo"],"_links":{"self":[{"href":"https:\/\/blogdoedvaldomagalhaes.com.br\/index.php\/wp-json\/wp\/v2\/posts\/1314","targetHints":{"allow":["GET"]}}],"collection":[{"href":"https:\/\/blogdoedvaldomagalhaes.com.br\/index.php\/wp-json\/wp\/v2\/posts"}],"about":[{"href":"https:\/\/blogdoedvaldomagalhaes.com.br\/index.php\/wp-json\/wp\/v2\/types\/post"}],"author":[{"embeddable":true,"href":"https:\/\/blogdoedvaldomagalhaes.com.br\/index.php\/wp-json\/wp\/v2\/users\/1"}],"replies":[{"embeddable":true,"href":"https:\/\/blogdoedvaldomagalhaes.com.br\/index.php\/wp-json\/wp\/v2\/comments?post=1314"}],"version-history":[{"count":1,"href":"https:\/\/blogdoedvaldomagalhaes.com.br\/index.php\/wp-json\/wp\/v2\/posts\/1314\/revisions"}],"predecessor-version":[{"id":34070,"href":"https:\/\/blogdoedvaldomagalhaes.com.br\/index.php\/wp-json\/wp\/v2\/posts\/1314\/revisions\/34070"}],"wp:attachment":[{"href":"https:\/\/blogdoedvaldomagalhaes.com.br\/index.php\/wp-json\/wp\/v2\/media?parent=1314"}],"wp:term":[{"taxonomy":"category","embeddable":true,"href":"https:\/\/blogdoedvaldomagalhaes.com.br\/index.php\/wp-json\/wp\/v2\/categories?post=1314"},{"taxonomy":"post_tag","embeddable":true,"href":"https:\/\/blogdoedvaldomagalhaes.com.br\/index.php\/wp-json\/wp\/v2\/tags?post=1314"}],"curies":[{"name":"wp","href":"https:\/\/api.w.org\/{rel}","templated":true}]}}