{"id":131349,"date":"2026-07-20T20:56:24","date_gmt":"2026-07-20T23:56:24","guid":{"rendered":"https:\/\/blogdoedvaldomagalhaes.com.br\/?p=131349"},"modified":"2026-07-20T20:56:24","modified_gmt":"2026-07-20T23:56:24","slug":"parque-municipal-baraunas-esta-fechado-para-servicos-de-manutencao","status":"publish","type":"post","link":"https:\/\/blogdoedvaldomagalhaes.com.br\/index.php\/2026\/07\/20\/parque-municipal-baraunas-esta-fechado-para-servicos-de-manutencao\/","title":{"rendered":"Parque Municipal Bara\u00fanas est\u00e1 fechado para servi\u00e7os de manuten\u00e7\u00e3o"},"content":{"rendered":"\n<p class=\"wp-block-paragraph\">A Secretaria de Sustentabilidade e Bem-Estar Animal (SSB), informa que fechou o Parque Municipal Bara\u00fanas, no bairro Luiz Gonzaga, nesta segunda-feira (20) para a realiza\u00e7\u00e3o de servi\u00e7os de manuten\u00e7\u00e3o em suas depend\u00eancias.<\/p>\n\n\n\n<p class=\"wp-block-paragraph\">De acordo com a gest\u00e3o municipal a medida \u00e9 necess\u00e1ria para garantir mais seguran\u00e7a, conforto e melhores condi\u00e7\u00f5es de uso do espa\u00e7o para a popula\u00e7\u00e3o. As atividades no parque ser\u00e3o retomadas normalmente assim que os servi\u00e7os de manuten\u00e7\u00e3o forem conclu\u00eddos.  <br>Siga o nosso Instagram @portaledivaldomagalhaes.  <br>Foto: Divulga\u00e7\u00e3o\/Secom\/PMC<\/p>\n","protected":false},"excerpt":{"rendered":"<p>A Secretaria de Sustentabilidade e Bem-Estar Animal (SSB), informa que fechou o Parque Municipal Bara\u00fanas, no bairro Luiz Gonzaga, nesta&hellip;<\/p>\n","protected":false},"author":1,"featured_media":131350,"comment_status":"closed","ping_status":"open","sticky":false,"template":"","format":"standard","meta":{"footnotes":""},"categories":[14120],"tags":[13146,36991,36989],"class_list":["post-131349","post","type-post","status-publish","format-standard","has-post-thumbnail","hentry","category-noticias","tag-blog-edvaldo-magalhaes","tag-parque-municipal-baraunas","tag-portal-edivaldo-magalhaes"],"_links":{"self":[{"href":"https:\/\/blogdoedvaldomagalhaes.com.br\/index.php\/wp-json\/wp\/v2\/posts\/131349","targetHints":{"allow":["GET"]}}],"collection":[{"href":"https:\/\/blogdoedvaldomagalhaes.com.br\/index.php\/wp-json\/wp\/v2\/posts"}],"about":[{"href":"https:\/\/blogdoedvaldomagalhaes.com.br\/index.php\/wp-json\/wp\/v2\/types\/post"}],"author":[{"embeddable":true,"href":"https:\/\/blogdoedvaldomagalhaes.com.br\/index.php\/wp-json\/wp\/v2\/users\/1"}],"replies":[{"embeddable":true,"href":"https:\/\/blogdoedvaldomagalhaes.com.br\/index.php\/wp-json\/wp\/v2\/comments?post=131349"}],"version-history":[{"count":1,"href":"https:\/\/blogdoedvaldomagalhaes.com.br\/index.php\/wp-json\/wp\/v2\/posts\/131349\/revisions"}],"predecessor-version":[{"id":131351,"href":"https:\/\/blogdoedvaldomagalhaes.com.br\/index.php\/wp-json\/wp\/v2\/posts\/131349\/revisions\/131351"}],"wp:featuredmedia":[{"embeddable":true,"href":"https:\/\/blogdoedvaldomagalhaes.com.br\/index.php\/wp-json\/wp\/v2\/media\/131350"}],"wp:attachment":[{"href":"https:\/\/blogdoedvaldomagalhaes.com.br\/index.php\/wp-json\/wp\/v2\/media?parent=131349"}],"wp:term":[{"taxonomy":"category","embeddable":true,"href":"https:\/\/blogdoedvaldomagalhaes.com.br\/index.php\/wp-json\/wp\/v2\/categories?post=131349"},{"taxonomy":"post_tag","embeddable":true,"href":"https:\/\/blogdoedvaldomagalhaes.com.br\/index.php\/wp-json\/wp\/v2\/tags?post=131349"}],"curies":[{"name":"wp","href":"https:\/\/api.w.org\/{rel}","templated":true}]}}